{"id":2006,"date":"2010-10-11T08:04:33","date_gmt":"2010-10-11T06:04:33","guid":{"rendered":"http:\/\/www.psychologie-aktuell.info\/reha\/?p=2006"},"modified":"2010-10-10T13:13:21","modified_gmt":"2010-10-10T11:13:21","slug":"erbliche-tumorerkrankungen-psychosoziale-und-familiaere-aspekte","status":"publish","type":"post","link":"https:\/\/www.psychologie-aktuell.info\/reha\/2010\/10\/erbliche-tumorerkrankungen-psychosoziale-und-familiaere-aspekte\/","title":{"rendered":"Erbliche Tumorerkrankungen &#8211; psychosoziale und famili\u00e4re Aspekte"},"content":{"rendered":"<blockquote><p>Mit der Identifizierung einiger Gene f\u00fcr erblich bedingte Brust- und Darmkrebserkrankungen k\u00f6nnen Angeh\u00f6rige aus Familien mit geh\u00e4uften Krebserkrankungen ihren Anlagestatus in Erfahrung bringen. Mit dem Eintritt ins \u201egenetische Zeitalter\u201d stehen Familien vor neuen Aufgaben: Vor dem Hintergrund famili\u00e4rer Krankheitserfahrungen haben sie komplexe Entscheidungen zu treffen, <!--more-->neue genetische Informationen zu verarbeiten und einen rationalen Umgang mit Bedrohung und Ungewissheit zu finden. Familien profitieren von einem interdisziplin\u00e4ren und familienorientierten pr\u00e4ventiven Ansatz, der sowohl medizinisch-genetische als auch psychosoziale und famili\u00e4re Aspekte ber\u00fccksichtigt und in den Prozess der genetischen Beratung und Diagnostik integriert ist. Damit wird es Familien erleichtert, neues genetisches Wissen in ihre famili\u00e4ren Erfahrungen, Modelle und Verm\u00e4chtnisse zu integrieren. Familien k\u00f6nnen wirksam unterst\u00fctzt werden, mit eigenen Ressourcen die vielf\u00e4ltigen Herausforderungen in Zusammenhang mit famili\u00e4ren Krebserkrankungen und der genetischen Diagnostik ohne nachteilige Auswirkungen zu bew\u00e4ltigen. Unter der Voraussetzung interdisziplin\u00e4rer flankierender Beratung sind keine schwerwiegenden psychischen Reaktionen auf genetische Testergebnisse zu erwarten.<\/p><\/blockquote>\n<p>Quelle: <a href=\"https:\/\/www.thieme-connect.com\/DOI\/DOI10.1055\/s-0030-1248465\">Thieme eJournals &#8211; Abstract<\/a><\/p>\n","protected":false},"excerpt":{"rendered":"<p>Mit der Identifizierung einiger Gene f\u00fcr erblich bedingte Brust- und Darmkrebserkrankungen k\u00f6nnen Angeh\u00f6rige aus Familien mit geh\u00e4uften Krebserkrankungen ihren Anlagestatus in Erfahrung bringen. Mit dem Eintritt ins \u201egenetische Zeitalter\u201d stehen Familien vor neuen Aufgaben: Vor dem Hintergrund famili\u00e4rer Krankheitserfahrungen haben &hellip; <a href=\"https:\/\/www.psychologie-aktuell.info\/reha\/2010\/10\/erbliche-tumorerkrankungen-psychosoziale-und-familiaere-aspekte\/\">Weiterlesen <span class=\"meta-nav\">&rarr;<\/span><\/a><\/p>\n","protected":false},"author":1,"featured_media":0,"comment_status":"open","ping_status":"open","sticky":false,"template":"","format":"standard","meta":{"_jetpack_memberships_contains_paid_content":false,"footnotes":""},"categories":[22],"tags":[479,31,480,478,481,241,185,64,455],"class_list":["post-2006","post","type-post","status-publish","format-standard","hentry","category-allgemein","tag-darmkrebserkrankungen","tag-diagnostik","tag-erblich-bedingt","tag-familie","tag-genetischen-beratung","tag-krebs","tag-krebserkrankung","tag-tumor","tag-tumorerkrankung"],"jetpack_featured_media_url":"","jetpack_shortlink":"https:\/\/wp.me\/p1fMVY-wm","jetpack_sharing_enabled":true,"_links":{"self":[{"href":"https:\/\/www.psychologie-aktuell.info\/reha\/wp-json\/wp\/v2\/posts\/2006","targetHints":{"allow":["GET"]}}],"collection":[{"href":"https:\/\/www.psychologie-aktuell.info\/reha\/wp-json\/wp\/v2\/posts"}],"about":[{"href":"https:\/\/www.psychologie-aktuell.info\/reha\/wp-json\/wp\/v2\/types\/post"}],"author":[{"embeddable":true,"href":"https:\/\/www.psychologie-aktuell.info\/reha\/wp-json\/wp\/v2\/users\/1"}],"replies":[{"embeddable":true,"href":"https:\/\/www.psychologie-aktuell.info\/reha\/wp-json\/wp\/v2\/comments?post=2006"}],"version-history":[{"count":1,"href":"https:\/\/www.psychologie-aktuell.info\/reha\/wp-json\/wp\/v2\/posts\/2006\/revisions"}],"predecessor-version":[{"id":2578,"href":"https:\/\/www.psychologie-aktuell.info\/reha\/wp-json\/wp\/v2\/posts\/2006\/revisions\/2578"}],"wp:attachment":[{"href":"https:\/\/www.psychologie-aktuell.info\/reha\/wp-json\/wp\/v2\/media?parent=2006"}],"wp:term":[{"taxonomy":"category","embeddable":true,"href":"https:\/\/www.psychologie-aktuell.info\/reha\/wp-json\/wp\/v2\/categories?post=2006"},{"taxonomy":"post_tag","embeddable":true,"href":"https:\/\/www.psychologie-aktuell.info\/reha\/wp-json\/wp\/v2\/tags?post=2006"}],"curies":[{"name":"wp","href":"https:\/\/api.w.org\/{rel}","templated":true}]}}