{"id":2229,"date":"2010-08-13T13:32:35","date_gmt":"2010-08-13T11:32:35","guid":{"rendered":"http:\/\/www.psychologie-aktuell.info\/reha\/?p=2229"},"modified":"2010-08-12T09:59:51","modified_gmt":"2010-08-12T07:59:51","slug":"mentalisierung-und-chronische-depression","status":"publish","type":"post","link":"https:\/\/www.psychologie-aktuell.info\/reha\/2010\/08\/mentalisierung-und-chronische-depression\/","title":{"rendered":"Mentalisierung und chronische Depression"},"content":{"rendered":"<blockquote><p>Mentalisierung, operationalisiert als reflexive Kompetenz (RK), wurde bisher haupts\u00e4chlich bei Patienten mit Borderline-St\u00f6rungen untersucht. In der vorgestellten Studie wurde die Mentalisierungsf\u00e4higkeit von ambulanten, chronisch depressiven Patienten (n=20) zu Beginn einer psychoanalytischen Behandlung mit der Reflective Functioning Scale (RFS) im Vergleich zu gesunden Kontrollpersonen untersucht. Die Ergebnisse weisen darauf hin, dass chronisch Depressive <!--more-->keine global eingeschr\u00e4nkte RK zeigen, aber ihre RK bei depressionsrelevanten Themen im Vergleich zum individuellen Ausgangswert eingeschr\u00e4nkt ist. Es zeigt sich, dass RK-Werte zu Beginn der Behandlung den Therapieerfolg [Beck Depression Inventory (BDI), Symptom Check List- (SCL-)90] nicht moderieren. Reflexive Kompetenz scheint mit Parametern zu korrelieren, die die allgemeine psychische Kompetenz messen, jedoch nicht mit klinischen Parametern wie dem BDI oder der SCL-90. Korrelationen zwischen RK und dem Helping Alliance Questionnaire (HAQ) weisen darauf hin, dass Patienten mit h\u00f6heren RK-Werten leichter eine therapeutische Beziehung etablieren k\u00f6nnen als Patienten mit niedriger RK.<\/p><\/blockquote>\n<p>Quelle: <a href=\"http:\/\/www.springerlink.com\/content\/1847854mw5180463\/\">SpringerLink &#8211; Zeitschriftenbeitrag<\/a><\/p>\n","protected":false},"excerpt":{"rendered":"<p>Mentalisierung, operationalisiert als reflexive Kompetenz (RK), wurde bisher haupts\u00e4chlich bei Patienten mit Borderline-St\u00f6rungen untersucht. In der vorgestellten Studie wurde die Mentalisierungsf\u00e4higkeit von ambulanten, chronisch depressiven Patienten (n=20) zu Beginn einer psychoanalytischen Behandlung mit der Reflective Functioning Scale (RFS) im Vergleich &hellip; <a href=\"https:\/\/www.psychologie-aktuell.info\/reha\/2010\/08\/mentalisierung-und-chronische-depression\/\">Weiterlesen <span class=\"meta-nav\">&rarr;<\/span><\/a><\/p>\n","protected":false},"author":1,"featured_media":0,"comment_status":"open","ping_status":"open","sticky":false,"template":"","format":"standard","meta":{"_jetpack_memberships_contains_paid_content":false,"footnotes":""},"categories":[21],"tags":[301,189,144,299,32,294,136,300,298,302],"class_list":["post-2229","post","type-post","status-publish","format-standard","hentry","category-zeitschriftenartikel","tag-bdi","tag-behandlung","tag-borderline","tag-borderline-stoerung","tag-depression","tag-mentalisierung","tag-psychoanalyse","tag-reflective-functioning-scale","tag-reflexive-kompetenz","tag-scl-90"],"jetpack_featured_media_url":"","jetpack_shortlink":"https:\/\/wp.me\/p1fMVY-zX","jetpack_sharing_enabled":true,"_links":{"self":[{"href":"https:\/\/www.psychologie-aktuell.info\/reha\/wp-json\/wp\/v2\/posts\/2229","targetHints":{"allow":["GET"]}}],"collection":[{"href":"https:\/\/www.psychologie-aktuell.info\/reha\/wp-json\/wp\/v2\/posts"}],"about":[{"href":"https:\/\/www.psychologie-aktuell.info\/reha\/wp-json\/wp\/v2\/types\/post"}],"author":[{"embeddable":true,"href":"https:\/\/www.psychologie-aktuell.info\/reha\/wp-json\/wp\/v2\/users\/1"}],"replies":[{"embeddable":true,"href":"https:\/\/www.psychologie-aktuell.info\/reha\/wp-json\/wp\/v2\/comments?post=2229"}],"version-history":[{"count":2,"href":"https:\/\/www.psychologie-aktuell.info\/reha\/wp-json\/wp\/v2\/posts\/2229\/revisions"}],"predecessor-version":[{"id":2325,"href":"https:\/\/www.psychologie-aktuell.info\/reha\/wp-json\/wp\/v2\/posts\/2229\/revisions\/2325"}],"wp:attachment":[{"href":"https:\/\/www.psychologie-aktuell.info\/reha\/wp-json\/wp\/v2\/media?parent=2229"}],"wp:term":[{"taxonomy":"category","embeddable":true,"href":"https:\/\/www.psychologie-aktuell.info\/reha\/wp-json\/wp\/v2\/categories?post=2229"},{"taxonomy":"post_tag","embeddable":true,"href":"https:\/\/www.psychologie-aktuell.info\/reha\/wp-json\/wp\/v2\/tags?post=2229"}],"curies":[{"name":"wp","href":"https:\/\/api.w.org\/{rel}","templated":true}]}}