{"id":2344,"date":"2010-09-15T07:59:55","date_gmt":"2010-09-15T05:59:55","guid":{"rendered":"http:\/\/www.psychologie-aktuell.info\/reha\/?p=2344"},"modified":"2010-09-13T23:27:32","modified_gmt":"2010-09-13T21:27:32","slug":"erhoehte-aengstlichkeit-und-depressivitaet-als-spaetfolgen-bei-menschen-nach-politischer-inhaftierung-in-der-ddr","status":"publish","type":"post","link":"https:\/\/www.psychologie-aktuell.info\/reha\/2010\/09\/erhoehte-aengstlichkeit-und-depressivitaet-als-spaetfolgen-bei-menschen-nach-politischer-inhaftierung-in-der-ddr\/","title":{"rendered":"Erh\u00f6hte \u00c4ngstlichkeit und Depressivit\u00e4t als Sp\u00e4tfolgen bei Menschen nach politischer Inhaftierung in der DDR"},"content":{"rendered":"<blockquote><p>Ziel der Untersuchung war es, psychische Langzeitfolgen nach politischer Inhaftierung in der DDR zu erfassen. Mittels Hospital Anxiety and Depression Scale (HADS) wurden \u00c4ngstlichkeit und Depressivit\u00e4t erhoben. Die \u00c4ngstlichkeit der ehemals politisch Inhaftierten ist im Vergleich zur Allgemeinbev\u00f6lkerung (10 vs. 4,8; p &lt; 0,001; d = 1,33) deutlich erh\u00f6ht. Gleiches gilt f\u00fcr die Depressivit\u00e4t (9,7 vs. 5,6; p &lt; 0,001; d = 0,92). Auch viele Jahre nach politischer Inhaftierung weisen Betroffene eine deutlich erh\u00f6hte \u00c4ngstlichkeit und Depressivit\u00e4t auf.<\/p><\/blockquote>\n<p>Quelle: <a href=\"https:\/\/www.thieme-connect.com\/DOI\/DOI10.1055\/s-0030-1248501\">Thieme eJournals &#8211; Abstract<\/a><\/p>\n","protected":false},"excerpt":{"rendered":"<p>Ziel der Untersuchung war es, psychische Langzeitfolgen nach politischer Inhaftierung in der DDR zu erfassen. Mittels Hospital Anxiety and Depression Scale (HADS) wurden \u00c4ngstlichkeit und Depressivit\u00e4t erhoben. Die \u00c4ngstlichkeit der ehemals politisch Inhaftierten ist im Vergleich zur Allgemeinbev\u00f6lkerung (10 vs. &hellip; <a href=\"https:\/\/www.psychologie-aktuell.info\/reha\/2010\/09\/erhoehte-aengstlichkeit-und-depressivitaet-als-spaetfolgen-bei-menschen-nach-politischer-inhaftierung-in-der-ddr\/\">Weiterlesen <span class=\"meta-nav\">&rarr;<\/span><\/a><\/p>\n","protected":false},"author":1,"featured_media":0,"comment_status":"open","ping_status":"open","sticky":false,"template":"","format":"standard","meta":{"_jetpack_memberships_contains_paid_content":false,"footnotes":""},"categories":[21],"tags":[446,32,444,445,441,443,442],"class_list":["post-2344","post","type-post","status-publish","format-standard","hentry","category-zeitschriftenartikel","tag-aengstlichkeit","tag-depression","tag-depressivitaet","tag-hads","tag-inhaftierte","tag-langzeitfolgen","tag-politische-inhaftierung"],"jetpack_featured_media_url":"","jetpack_shortlink":"https:\/\/wp.me\/p1fMVY-BO","jetpack_sharing_enabled":true,"_links":{"self":[{"href":"https:\/\/www.psychologie-aktuell.info\/reha\/wp-json\/wp\/v2\/posts\/2344","targetHints":{"allow":["GET"]}}],"collection":[{"href":"https:\/\/www.psychologie-aktuell.info\/reha\/wp-json\/wp\/v2\/posts"}],"about":[{"href":"https:\/\/www.psychologie-aktuell.info\/reha\/wp-json\/wp\/v2\/types\/post"}],"author":[{"embeddable":true,"href":"https:\/\/www.psychologie-aktuell.info\/reha\/wp-json\/wp\/v2\/users\/1"}],"replies":[{"embeddable":true,"href":"https:\/\/www.psychologie-aktuell.info\/reha\/wp-json\/wp\/v2\/comments?post=2344"}],"version-history":[{"count":2,"href":"https:\/\/www.psychologie-aktuell.info\/reha\/wp-json\/wp\/v2\/posts\/2344\/revisions"}],"predecessor-version":[{"id":2511,"href":"https:\/\/www.psychologie-aktuell.info\/reha\/wp-json\/wp\/v2\/posts\/2344\/revisions\/2511"}],"wp:attachment":[{"href":"https:\/\/www.psychologie-aktuell.info\/reha\/wp-json\/wp\/v2\/media?parent=2344"}],"wp:term":[{"taxonomy":"category","embeddable":true,"href":"https:\/\/www.psychologie-aktuell.info\/reha\/wp-json\/wp\/v2\/categories?post=2344"},{"taxonomy":"post_tag","embeddable":true,"href":"https:\/\/www.psychologie-aktuell.info\/reha\/wp-json\/wp\/v2\/tags?post=2344"}],"curies":[{"name":"wp","href":"https:\/\/api.w.org\/{rel}","templated":true}]}}