{"id":2349,"date":"2010-09-01T15:04:56","date_gmt":"2010-09-01T13:04:56","guid":{"rendered":"http:\/\/www.psychologie-aktuell.info\/reha\/?p=2349"},"modified":"2010-09-01T10:25:00","modified_gmt":"2010-09-01T08:25:00","slug":"einfluesse-der-medizinischen-stationaeren-rehabilitation-auf-den-selbstwert-und-die-selbstwirksamkeit-von-chronisch-kranken-jugendlichen","status":"publish","type":"post","link":"https:\/\/www.psychologie-aktuell.info\/reha\/2010\/09\/einfluesse-der-medizinischen-stationaeren-rehabilitation-auf-den-selbstwert-und-die-selbstwirksamkeit-von-chronisch-kranken-jugendlichen\/","title":{"rendered":"Einfl\u00fcsse der medizinischen station\u00e4ren Rehabilitation auf den Selbstwert und die Selbstwirksamkeit von chronisch kranken Jugendlichen"},"content":{"rendered":"<blockquote><p>Hintergrund: Die Studie besch\u00e4ftigt sich mit der Entwicklung des Selbstwertes und der Selbstwirksamkeit bei k\u00f6rperlich chronisch kranken Jugendlichen infolge ihrer vier- bis sechsw\u00f6chigen station\u00e4ren Reha-Ma\u00dfnahme. Ein Einfluss von komorbiden psychischen Auff\u00e4lligkeiten auf diese Entwicklung sowie diagnose- und geschlechtsspezifische Unterschiede werden analysiert.<\/p>\n<p>Methode: 243 k\u00f6rperlich chronisch kranke Jugendliche wurden zu Beginn ihrer medizinischen station\u00e4ren Reha-Ma\u00dfnahme befragt. <!--more-->Zur Ein-Jahreskatamnese liegen die Daten von 99 Jugendlichen (Alter: M=14,6; SD=1,70), davon 50 Jungen, vor. Die Erhebung des Selbstwertes erfolgte durch die revidierte Fassung der Rosenberg Self-Esteem Scale. Zur Messung der Selbstwirksamkeit in Schule und sozialem Umfeld wurde die revidierte Allgemeine Selbstwirksamkeitsskala von Jerusalem und Schwarzer verwendet. Psychische Auff\u00e4lligkeiten wurden mit der deutschen Version des Strengths and Difficulties Questionnaire zu Beginn der Ma\u00dfnahme erhoben.<\/p>\n<p>Ergebnisse: Die Selbstwertwahrnehmung chronisch kranker Jugendlicher infolge einer Reha-Ma\u00dfnahme verbessert sich, wobei sich Unterschiede zwischen Jugendlichen mit und ohne psychische Auff\u00e4lligkeiten erkennen lassen. Die Einsch\u00e4tzungen zur sozialen und schulischen Selbstwirksamkeit ver\u00e4ndern sich hingegen nur gering. Diagnose- und geschlechtsspezifische Unterschiede lassen sich nicht abbilden.<\/p><\/blockquote>\n<p>Quelle: <a href=\"https:\/\/www.thieme-connect.com\/DOI\/DOI10.1055\/s-0030-1254080\">Thieme eJournals &#8211; Abstract<\/a><\/p>\n","protected":false},"excerpt":{"rendered":"<p>Hintergrund: Die Studie besch\u00e4ftigt sich mit der Entwicklung des Selbstwertes und der Selbstwirksamkeit bei k\u00f6rperlich chronisch kranken Jugendlichen infolge ihrer vier- bis sechsw\u00f6chigen station\u00e4ren Reha-Ma\u00dfnahme. Ein Einfluss von komorbiden psychischen Auff\u00e4lligkeiten auf diese Entwicklung sowie diagnose- und geschlechtsspezifische Unterschiede werden &hellip; <a href=\"https:\/\/www.psychologie-aktuell.info\/reha\/2010\/09\/einfluesse-der-medizinischen-stationaeren-rehabilitation-auf-den-selbstwert-und-die-selbstwirksamkeit-von-chronisch-kranken-jugendlichen\/\">Weiterlesen <span class=\"meta-nav\">&rarr;<\/span><\/a><\/p>\n","protected":false},"author":1,"featured_media":0,"comment_status":"open","ping_status":"open","sticky":false,"template":"","format":"standard","meta":{"_jetpack_memberships_contains_paid_content":false,"footnotes":""},"categories":[21],"tags":[396,384,170,395,397,394,212],"class_list":["post-2349","post","type-post","status-publish","format-standard","hentry","category-zeitschriftenartikel","tag-allgemeine-selbstwirksamkeitsskala","tag-jugendliche","tag-rehabilitation","tag-rosenberg-self-esteem-scale","tag-selbstwertwahrnehmung","tag-selbstwirksamkeit","tag-wirksamkeit"],"jetpack_featured_media_url":"","jetpack_shortlink":"https:\/\/wp.me\/p1fMVY-BT","jetpack_sharing_enabled":true,"_links":{"self":[{"href":"https:\/\/www.psychologie-aktuell.info\/reha\/wp-json\/wp\/v2\/posts\/2349","targetHints":{"allow":["GET"]}}],"collection":[{"href":"https:\/\/www.psychologie-aktuell.info\/reha\/wp-json\/wp\/v2\/posts"}],"about":[{"href":"https:\/\/www.psychologie-aktuell.info\/reha\/wp-json\/wp\/v2\/types\/post"}],"author":[{"embeddable":true,"href":"https:\/\/www.psychologie-aktuell.info\/reha\/wp-json\/wp\/v2\/users\/1"}],"replies":[{"embeddable":true,"href":"https:\/\/www.psychologie-aktuell.info\/reha\/wp-json\/wp\/v2\/comments?post=2349"}],"version-history":[{"count":1,"href":"https:\/\/www.psychologie-aktuell.info\/reha\/wp-json\/wp\/v2\/posts\/2349\/revisions"}],"predecessor-version":[{"id":2404,"href":"https:\/\/www.psychologie-aktuell.info\/reha\/wp-json\/wp\/v2\/posts\/2349\/revisions\/2404"}],"wp:attachment":[{"href":"https:\/\/www.psychologie-aktuell.info\/reha\/wp-json\/wp\/v2\/media?parent=2349"}],"wp:term":[{"taxonomy":"category","embeddable":true,"href":"https:\/\/www.psychologie-aktuell.info\/reha\/wp-json\/wp\/v2\/categories?post=2349"},{"taxonomy":"post_tag","embeddable":true,"href":"https:\/\/www.psychologie-aktuell.info\/reha\/wp-json\/wp\/v2\/tags?post=2349"}],"curies":[{"name":"wp","href":"https:\/\/api.w.org\/{rel}","templated":true}]}}