{"id":236,"date":"2008-11-28T12:30:03","date_gmt":"2008-11-28T11:30:03","guid":{"rendered":"http:\/\/www.reha-psychologie.net\/reha\/?p=236"},"modified":"2008-11-28T12:20:28","modified_gmt":"2008-11-28T11:20:28","slug":"angst-und-depression-bei-kopfschmerzpatienten","status":"publish","type":"post","link":"https:\/\/www.psychologie-aktuell.info\/reha\/2008\/11\/angst-und-depression-bei-kopfschmerzpatienten\/","title":{"rendered":"Angst und Depression bei Kopfschmerzpatienten"},"content":{"rendered":"<p>Hintergrund<br \/>\nEs wurde die H\u00e4ufigkeit von Angst und Depressionen sowie der Einfluss der Kopfschmerzschwere auf diese Erkrankungen bei den Patienten der &#8222;Integrierten Versorgung (IV) Kopfschmerz in Bayern&#8220; untersucht.<\/p>\n<p>Material und Methoden<br \/>\nDie deutsche Version der Hospital Anxiety and Depression Scale (HADS-D) zum Screening von Angst und Depressionen sowie den Migraine Disability Assessment Questionnaire (MIDAS) zur Erfassung der Schwere der Kopfschmerzen bearbeiteten 181 Patienten mit Kopfschmerzen. Neben rein deskriptiven Auswertungen wurden Korrelationskoeffizienten nach Spearman berechnet.<\/p>\n<p><!--more--><\/p>\n<p>Ergebnisse<br \/>\nBeim Depressions- bzw. Angstscreening erreichten 22,7 bzw. 44,7% der Patienten grenzwertige oder auff\u00e4llige Ergebnisse; 19,3% hatten grenzwertige oder auff\u00e4llige Werte in beiden Bereichen. Es zeigten sich f\u00fcr Angst sowie Depressivit\u00e4t signifikante Zusammenh\u00e4nge zur Schwere der Kopfschmerzen.<\/p>\n<p>Schlussfolgerungen<br \/>\nDie Ergebnisse best\u00e4tigen die Notwendigkeit eines interdisziplin\u00e4ren Vorgehens bei Patienten mit Kopfschmerzen, um eine erfolgreiche Therapie durchf\u00fchren zu k\u00f6nnen. Mit dem Konzept der Integrierten Versorgung wird eine derartige Behandlung verwirklicht.<\/p>\n<p>Zeitschrift\tDer Schmerz<br \/>\nDOI\t10.1007\/s00482-008-0735-8<\/p>\n<p>Quelle: <a href=\"http:\/\/www.springerlink.com\/content\/q60401425142n5g7\/\">SpringerLink &#8211; Zeitschriftenbeitrag<\/a><\/p>\n","protected":false},"excerpt":{"rendered":"<p>Hintergrund Es wurde die H\u00e4ufigkeit von Angst und Depressionen sowie der Einfluss der Kopfschmerzschwere auf diese Erkrankungen bei den Patienten der &#8222;Integrierten Versorgung (IV) Kopfschmerz in Bayern&#8220; untersucht. Material und Methoden Die deutsche Version der Hospital Anxiety and Depression Scale &hellip; <a href=\"https:\/\/www.psychologie-aktuell.info\/reha\/2008\/11\/angst-und-depression-bei-kopfschmerzpatienten\/\">Weiterlesen <span class=\"meta-nav\">&rarr;<\/span><\/a><\/p>\n","protected":false},"author":1,"featured_media":0,"comment_status":"open","ping_status":"open","sticky":false,"template":"","format":"standard","meta":{"_jetpack_memberships_contains_paid_content":false,"footnotes":""},"categories":[21],"tags":[31,240,196],"class_list":["post-236","post","type-post","status-publish","format-standard","hentry","category-zeitschriftenartikel","tag-diagnostik","tag-orthopaedie","tag-schmerzen"],"jetpack_featured_media_url":"","jetpack_shortlink":"https:\/\/wp.me\/p1fMVY-3O","jetpack_sharing_enabled":true,"_links":{"self":[{"href":"https:\/\/www.psychologie-aktuell.info\/reha\/wp-json\/wp\/v2\/posts\/236","targetHints":{"allow":["GET"]}}],"collection":[{"href":"https:\/\/www.psychologie-aktuell.info\/reha\/wp-json\/wp\/v2\/posts"}],"about":[{"href":"https:\/\/www.psychologie-aktuell.info\/reha\/wp-json\/wp\/v2\/types\/post"}],"author":[{"embeddable":true,"href":"https:\/\/www.psychologie-aktuell.info\/reha\/wp-json\/wp\/v2\/users\/1"}],"replies":[{"embeddable":true,"href":"https:\/\/www.psychologie-aktuell.info\/reha\/wp-json\/wp\/v2\/comments?post=236"}],"version-history":[{"count":0,"href":"https:\/\/www.psychologie-aktuell.info\/reha\/wp-json\/wp\/v2\/posts\/236\/revisions"}],"wp:attachment":[{"href":"https:\/\/www.psychologie-aktuell.info\/reha\/wp-json\/wp\/v2\/media?parent=236"}],"wp:term":[{"taxonomy":"category","embeddable":true,"href":"https:\/\/www.psychologie-aktuell.info\/reha\/wp-json\/wp\/v2\/categories?post=236"},{"taxonomy":"post_tag","embeddable":true,"href":"https:\/\/www.psychologie-aktuell.info\/reha\/wp-json\/wp\/v2\/tags?post=236"}],"curies":[{"name":"wp","href":"https:\/\/api.w.org\/{rel}","templated":true}]}}