{"id":248,"date":"2008-11-15T10:14:45","date_gmt":"2008-11-15T09:14:45","guid":{"rendered":"http:\/\/www.reha-psychologie.net\/reha\/?p=248"},"modified":"2008-11-13T13:01:56","modified_gmt":"2008-11-13T12:01:56","slug":"soziale-unterschiede-bei-der-reha-behandlung","status":"publish","type":"post","link":"https:\/\/www.psychologie-aktuell.info\/reha\/2008\/11\/soziale-unterschiede-bei-der-reha-behandlung\/","title":{"rendered":"Soziale Unterschiede bei der Reha-Behandlung"},"content":{"rendered":"<blockquote><p>Reha-Ma\u00dfnahmen stehen allen Versicherten unabh\u00e4ngig von Bildung oder Einkommen zu. Allerdings gibt es bei der Inanspruchnahme der Ma\u00dfnahmen durchaus soziale Unterschiede. Darauf weist eine Studie von Dr. Ruth Deck von der Universit\u00e4t L\u00fcbeck hin, deren Ergebnisse in der Fachzeitschrift &#8222;Das Gesundheitswesen&#8220; ver\u00f6ffentlicht worden sind.<\/p><\/blockquote>\n<p>Quelle: <a href=\"http:\/\/www.focus.de\/gesundheit\/ticker\/duesseldorf-soziale-unterschiede-bei-der-reha-behandlung_aid_348194.html\">D\u00fcsseldorf: Soziale Unterschiede bei der Reha-Behandlung &#8211; Newsticker &#8211; FOCUS Online<\/a><\/p>\n","protected":false},"excerpt":{"rendered":"<p>Reha-Ma\u00dfnahmen stehen allen Versicherten unabh\u00e4ngig von Bildung oder Einkommen zu. Allerdings gibt es bei der Inanspruchnahme der Ma\u00dfnahmen durchaus soziale Unterschiede. Darauf weist eine Studie von Dr. Ruth Deck von der Universit\u00e4t L\u00fcbeck hin, deren Ergebnisse in der Fachzeitschrift &#8222;Das &hellip; <a href=\"https:\/\/www.psychologie-aktuell.info\/reha\/2008\/11\/soziale-unterschiede-bei-der-reha-behandlung\/\">Weiterlesen <span class=\"meta-nav\">&rarr;<\/span><\/a><\/p>\n","protected":false},"author":1,"featured_media":0,"comment_status":"open","ping_status":"open","sticky":false,"template":"","format":"standard","meta":{"_jetpack_memberships_contains_paid_content":false,"footnotes":""},"categories":[21,22],"tags":[52],"class_list":["post-248","post","type-post","status-publish","format-standard","hentry","category-zeitschriftenartikel","category-allgemein","tag-behandlung-therapie"],"jetpack_featured_media_url":"","jetpack_shortlink":"https:\/\/wp.me\/p1fMVY-40","jetpack_sharing_enabled":true,"_links":{"self":[{"href":"https:\/\/www.psychologie-aktuell.info\/reha\/wp-json\/wp\/v2\/posts\/248","targetHints":{"allow":["GET"]}}],"collection":[{"href":"https:\/\/www.psychologie-aktuell.info\/reha\/wp-json\/wp\/v2\/posts"}],"about":[{"href":"https:\/\/www.psychologie-aktuell.info\/reha\/wp-json\/wp\/v2\/types\/post"}],"author":[{"embeddable":true,"href":"https:\/\/www.psychologie-aktuell.info\/reha\/wp-json\/wp\/v2\/users\/1"}],"replies":[{"embeddable":true,"href":"https:\/\/www.psychologie-aktuell.info\/reha\/wp-json\/wp\/v2\/comments?post=248"}],"version-history":[{"count":0,"href":"https:\/\/www.psychologie-aktuell.info\/reha\/wp-json\/wp\/v2\/posts\/248\/revisions"}],"wp:attachment":[{"href":"https:\/\/www.psychologie-aktuell.info\/reha\/wp-json\/wp\/v2\/media?parent=248"}],"wp:term":[{"taxonomy":"category","embeddable":true,"href":"https:\/\/www.psychologie-aktuell.info\/reha\/wp-json\/wp\/v2\/categories?post=248"},{"taxonomy":"post_tag","embeddable":true,"href":"https:\/\/www.psychologie-aktuell.info\/reha\/wp-json\/wp\/v2\/tags?post=248"}],"curies":[{"name":"wp","href":"https:\/\/api.w.org\/{rel}","templated":true}]}}