{"id":258,"date":"2008-11-25T09:22:00","date_gmt":"2008-11-25T08:22:00","guid":{"rendered":"http:\/\/www.reha-psychologie.net\/reha\/?p=258"},"modified":"2008-11-25T09:22:00","modified_gmt":"2008-11-25T08:22:00","slug":"sind-migranten-haufiger-von-psychischen-storungen-betroffen","status":"publish","type":"post","link":"https:\/\/www.psychologie-aktuell.info\/reha\/2008\/11\/sind-migranten-haufiger-von-psychischen-storungen-betroffen\/","title":{"rendered":"Sind Migranten h\u00e4ufiger von psychischen St\u00f6rungen betroffen?"},"content":{"rendered":"<blockquote><p>Das Auftreten psychischer Erkrankungen bei Migranten und Nichtmigranten soll verglichen werden. In einer repr\u00e4sentativen Bev\u00f6lkerungsstichprobe (n = 2510) wurden Pr\u00e4valenzen mittels PHQ (depressive St\u00f6rungen, somatoforme Beschwerden, generalisierte Angstst\u00f6rungen) sowie mit der PTDS (Posttraumatische Belastungsst\u00f6rungen) gesch\u00e4tzt.<\/p><\/blockquote>\n<p>Quelle: <a href=\"http:\/\/www.thieme-connect.com\/DOI\/DOI10.1055\/s-2008-1067566\">Thieme eJournals &#8211; Abstract<\/a><\/p>\n","protected":false},"excerpt":{"rendered":"<p>Das Auftreten psychischer Erkrankungen bei Migranten und Nichtmigranten soll verglichen werden. In einer repr\u00e4sentativen Bev\u00f6lkerungsstichprobe (n = 2510) wurden Pr\u00e4valenzen mittels PHQ (depressive St\u00f6rungen, somatoforme Beschwerden, generalisierte Angstst\u00f6rungen) sowie mit der PTDS (Posttraumatische Belastungsst\u00f6rungen) gesch\u00e4tzt. Quelle: Thieme eJournals &#8211; Abstract<\/p>\n","protected":false},"author":1,"featured_media":0,"comment_status":"open","ping_status":"open","sticky":false,"template":"","format":"standard","meta":{"_jetpack_memberships_contains_paid_content":false,"footnotes":""},"categories":[21],"tags":[28,32,31],"class_list":["post-258","post","type-post","status-publish","format-standard","hentry","category-zeitschriftenartikel","tag-angst-panik","tag-depression","tag-diagnostik"],"jetpack_featured_media_url":"","jetpack_shortlink":"https:\/\/wp.me\/p1fMVY-4a","jetpack_sharing_enabled":true,"_links":{"self":[{"href":"https:\/\/www.psychologie-aktuell.info\/reha\/wp-json\/wp\/v2\/posts\/258","targetHints":{"allow":["GET"]}}],"collection":[{"href":"https:\/\/www.psychologie-aktuell.info\/reha\/wp-json\/wp\/v2\/posts"}],"about":[{"href":"https:\/\/www.psychologie-aktuell.info\/reha\/wp-json\/wp\/v2\/types\/post"}],"author":[{"embeddable":true,"href":"https:\/\/www.psychologie-aktuell.info\/reha\/wp-json\/wp\/v2\/users\/1"}],"replies":[{"embeddable":true,"href":"https:\/\/www.psychologie-aktuell.info\/reha\/wp-json\/wp\/v2\/comments?post=258"}],"version-history":[{"count":0,"href":"https:\/\/www.psychologie-aktuell.info\/reha\/wp-json\/wp\/v2\/posts\/258\/revisions"}],"wp:attachment":[{"href":"https:\/\/www.psychologie-aktuell.info\/reha\/wp-json\/wp\/v2\/media?parent=258"}],"wp:term":[{"taxonomy":"category","embeddable":true,"href":"https:\/\/www.psychologie-aktuell.info\/reha\/wp-json\/wp\/v2\/categories?post=258"},{"taxonomy":"post_tag","embeddable":true,"href":"https:\/\/www.psychologie-aktuell.info\/reha\/wp-json\/wp\/v2\/tags?post=258"}],"curies":[{"name":"wp","href":"https:\/\/api.w.org\/{rel}","templated":true}]}}