{"id":2589,"date":"2010-11-04T11:38:50","date_gmt":"2010-11-04T10:38:50","guid":{"rendered":"http:\/\/www.psychologie-aktuell.info\/reha\/?p=2589"},"modified":"2010-11-04T10:44:24","modified_gmt":"2010-11-04T09:44:24","slug":"schmerzchronifizierung-und-dysfunktion-evidenz-zu-diagnostik-und-therapie","status":"publish","type":"post","link":"https:\/\/www.psychologie-aktuell.info\/reha\/2010\/11\/schmerzchronifizierung-und-dysfunktion-evidenz-zu-diagnostik-und-therapie\/","title":{"rendered":"Schmerzchronifizierung und -dysfunktion: Evidenz zu Diagnostik und Therapie"},"content":{"rendered":"<blockquote><p>In der Rehabilitation von chronischen Schmerzpatienten ist das Ausma\u00df der Chronifizierung zu ber\u00fccksichtigen. Eine einheitliche Definition von chronischen Schmerzen und eine Beschreibung des Chronifizierungsgrades k\u00f6nnte die Beurteilung von Therapieprogrammen verbessern. Derzeitiger State of the Art in der Schmerzrehabilitation ist ein multidisziplin\u00e4r durchgef\u00fchrtes Functional Restoration Programm mit Eingangs- und Ausgangsuntersuchungen zur Beurteilung des Therapieerfolges. <!--more-->F\u00fcr das Assessment ist eine multiprofessionelle Beurteilung auf Basis des ICF empfehlenswert. F\u00fcr den Rehabilitationserfolg ist die Identifizierung und Bearbeitung von psychosozialen Risikofaktoren erforderlich. Die Bereitschaft des Patienten, Eigenverantwortung zu \u00fcbernehmen und die individuelle St\u00fctzung und St\u00e4rkung der Eigenkompetenz ist Ziel verhaltenstherapeutischer Programme. Rehabilitationsziele sind gemeinsam mit dem Patienten zu entwickeln. Die Verbesserung von Aktivit\u00e4t und Funktion sollte im Vordergrund stehen und positiv verst\u00e4rkt werden. Das gesamte Rehabilitationsteam ist in diesen Prozess zu integrieren.<\/p><\/blockquote>\n<p>Quelle: <a href=\"https:\/\/www.thieme-connect.de\/DOI\/DOI?10.1055\/s-0030-1261940\">Thieme eJournals &#8211; Abstract<\/a><\/p>\n","protected":false},"excerpt":{"rendered":"<p>In der Rehabilitation von chronischen Schmerzpatienten ist das Ausma\u00df der Chronifizierung zu ber\u00fccksichtigen. Eine einheitliche Definition von chronischen Schmerzen und eine Beschreibung des Chronifizierungsgrades k\u00f6nnte die Beurteilung von Therapieprogrammen verbessern. Derzeitiger State of the Art in der Schmerzrehabilitation ist ein &hellip; <a href=\"https:\/\/www.psychologie-aktuell.info\/reha\/2010\/11\/schmerzchronifizierung-und-dysfunktion-evidenz-zu-diagnostik-und-therapie\/\">Weiterlesen <span class=\"meta-nav\">&rarr;<\/span><\/a><\/p>\n","protected":false},"author":1,"featured_media":0,"comment_status":"open","ping_status":"open","sticky":false,"template":"","format":"standard","meta":{"_jetpack_memberships_contains_paid_content":false,"footnotes":""},"categories":[21],"tags":[551,549,31,74,170,548,338,550,333],"class_list":["post-2589","post","type-post","status-publish","format-standard","hentry","category-zeitschriftenartikel","tag-assessment","tag-chronifizierung","tag-diagnostik","tag-icf","tag-rehabilitation","tag-rehabilitationserfolg","tag-schmerz","tag-schmerzchronifizierung","tag-schmerzpatient"],"jetpack_featured_media_url":"","jetpack_shortlink":"https:\/\/wp.me\/p1fMVY-FL","jetpack_sharing_enabled":true,"_links":{"self":[{"href":"https:\/\/www.psychologie-aktuell.info\/reha\/wp-json\/wp\/v2\/posts\/2589","targetHints":{"allow":["GET"]}}],"collection":[{"href":"https:\/\/www.psychologie-aktuell.info\/reha\/wp-json\/wp\/v2\/posts"}],"about":[{"href":"https:\/\/www.psychologie-aktuell.info\/reha\/wp-json\/wp\/v2\/types\/post"}],"author":[{"embeddable":true,"href":"https:\/\/www.psychologie-aktuell.info\/reha\/wp-json\/wp\/v2\/users\/1"}],"replies":[{"embeddable":true,"href":"https:\/\/www.psychologie-aktuell.info\/reha\/wp-json\/wp\/v2\/comments?post=2589"}],"version-history":[{"count":1,"href":"https:\/\/www.psychologie-aktuell.info\/reha\/wp-json\/wp\/v2\/posts\/2589\/revisions"}],"predecessor-version":[{"id":2747,"href":"https:\/\/www.psychologie-aktuell.info\/reha\/wp-json\/wp\/v2\/posts\/2589\/revisions\/2747"}],"wp:attachment":[{"href":"https:\/\/www.psychologie-aktuell.info\/reha\/wp-json\/wp\/v2\/media?parent=2589"}],"wp:term":[{"taxonomy":"category","embeddable":true,"href":"https:\/\/www.psychologie-aktuell.info\/reha\/wp-json\/wp\/v2\/categories?post=2589"},{"taxonomy":"post_tag","embeddable":true,"href":"https:\/\/www.psychologie-aktuell.info\/reha\/wp-json\/wp\/v2\/tags?post=2589"}],"curies":[{"name":"wp","href":"https:\/\/api.w.org\/{rel}","templated":true}]}}