{"id":2606,"date":"2010-10-28T06:44:37","date_gmt":"2010-10-28T04:44:37","guid":{"rendered":"http:\/\/www.psychologie-aktuell.info\/reha\/?p=2606"},"modified":"2010-10-25T10:55:52","modified_gmt":"2010-10-25T08:55:52","slug":"welche-informationen-nutzen-hausaerzte-zur-einschaetzung-des-kognitiven-status-aelterer-nicht-dementer-patienten","status":"publish","type":"post","link":"https:\/\/www.psychologie-aktuell.info\/reha\/2010\/10\/welche-informationen-nutzen-hausaerzte-zur-einschaetzung-des-kognitiven-status-aelterer-nicht-dementer-patienten\/","title":{"rendered":"Welche Informationen nutzen Haus\u00e4rzte zur Einsch\u00e4tzung des kognitiven Status \u00e4lterer nicht dementer Patienten?"},"content":{"rendered":"<blockquote><p>Es gibt kein Wissen dar\u00fcber, welche Informationen Haus\u00e4rzte explizit nutzen, um die kognitive Leistung ihrer Patienten zu bewerten. Dies k\u00f6nnte jedoch helfen zu verstehen, warum die Erkennung leichter kognitiver Defizite und fr\u00fcher Demenzen in der Hausarztpraxis problematisch ist.<br \/>\nIn einem Teilprojekt des Kompetenznetzes Demenzen (AgeCoDe-Studie) bewerteten D\u00fcsseldorfer Haus\u00e4rzte den kognitiven Status ihrer \u00e4lteren, nicht dementen Patienten. Bei jeder Bewertung sollten sie zudem aus einer Liste ausw\u00e4hlen, auf welche Informationen sie ihr Urteil st\u00fctzen.<!--more-->Das Hausarzturteil stimmt nur geringf\u00fcgig mit dem Ergebnis eines ausf\u00fchrlichen Interviews \u00fcberein (\u03ba = 0,19). Die unspezifische Informationsquelle \u201eallgemeine Kenntnis des Patienten und seines sozialen Umfeldes\u201d wurde h\u00e4ufig von den Haus\u00e4rzten genannt, ebenso \u201esubjektive kognitive Beschwerden des Patienten\u201d und \u201eSchilderungen der Bezugspersonen\u201d. Neuropsychologische Testergebnisse spielen kaum eine Rolle f\u00fcr die befragten Haus\u00e4rzte. Zudem lassen die Ergebnisse vermuten, dass die Haus\u00e4rzte Schwierigkeiten hatten, die ihnen an die Hand gegebene Bewertungsskala wie vorgesehen anzuwenden.<br \/>\nVor dem Hintergrund der vorliegenden Daten und weiterer Ergebnisse der AgeCoDe-Studie werden Implikationen f\u00fcr die weitere Forschung diskutiert.<\/p><\/blockquote>\n<p>Quelle: <a href=\"https:\/\/www.thieme-connect.de\/DOI\/DOI?10.1055\/s-0030-1248487\">Thieme eJournals &#8211; Abstract<\/a><\/p>\n","protected":false},"excerpt":{"rendered":"<p>Es gibt kein Wissen dar\u00fcber, welche Informationen Haus\u00e4rzte explizit nutzen, um die kognitive Leistung ihrer Patienten zu bewerten. Dies k\u00f6nnte jedoch helfen zu verstehen, warum die Erkennung leichter kognitiver Defizite und fr\u00fcher Demenzen in der Hausarztpraxis problematisch ist. In einem &hellip; <a href=\"https:\/\/www.psychologie-aktuell.info\/reha\/2010\/10\/welche-informationen-nutzen-hausaerzte-zur-einschaetzung-des-kognitiven-status-aelterer-nicht-dementer-patienten\/\">Weiterlesen <span class=\"meta-nav\">&rarr;<\/span><\/a><\/p>\n","protected":false},"author":1,"featured_media":0,"comment_status":"open","ping_status":"open","sticky":false,"template":"","format":"standard","meta":{"_jetpack_memberships_contains_paid_content":false,"footnotes":""},"categories":[21],"tags":[387,120,535,534,533],"class_list":["post-2606","post","type-post","status-publish","format-standard","hentry","category-zeitschriftenartikel","tag-arzt","tag-demenz","tag-demenzen","tag-erkennung","tag-hausarzturteil"],"jetpack_featured_media_url":"","jetpack_shortlink":"https:\/\/wp.me\/p1fMVY-G2","jetpack_sharing_enabled":true,"_links":{"self":[{"href":"https:\/\/www.psychologie-aktuell.info\/reha\/wp-json\/wp\/v2\/posts\/2606","targetHints":{"allow":["GET"]}}],"collection":[{"href":"https:\/\/www.psychologie-aktuell.info\/reha\/wp-json\/wp\/v2\/posts"}],"about":[{"href":"https:\/\/www.psychologie-aktuell.info\/reha\/wp-json\/wp\/v2\/types\/post"}],"author":[{"embeddable":true,"href":"https:\/\/www.psychologie-aktuell.info\/reha\/wp-json\/wp\/v2\/users\/1"}],"replies":[{"embeddable":true,"href":"https:\/\/www.psychologie-aktuell.info\/reha\/wp-json\/wp\/v2\/comments?post=2606"}],"version-history":[{"count":1,"href":"https:\/\/www.psychologie-aktuell.info\/reha\/wp-json\/wp\/v2\/posts\/2606\/revisions"}],"predecessor-version":[{"id":2649,"href":"https:\/\/www.psychologie-aktuell.info\/reha\/wp-json\/wp\/v2\/posts\/2606\/revisions\/2649"}],"wp:attachment":[{"href":"https:\/\/www.psychologie-aktuell.info\/reha\/wp-json\/wp\/v2\/media?parent=2606"}],"wp:term":[{"taxonomy":"category","embeddable":true,"href":"https:\/\/www.psychologie-aktuell.info\/reha\/wp-json\/wp\/v2\/categories?post=2606"},{"taxonomy":"post_tag","embeddable":true,"href":"https:\/\/www.psychologie-aktuell.info\/reha\/wp-json\/wp\/v2\/tags?post=2606"}],"curies":[{"name":"wp","href":"https:\/\/api.w.org\/{rel}","templated":true}]}}