{"id":2613,"date":"2010-10-26T07:48:15","date_gmt":"2010-10-26T05:48:15","guid":{"rendered":"http:\/\/www.psychologie-aktuell.info\/reha\/?p=2613"},"modified":"2010-10-25T10:45:56","modified_gmt":"2010-10-25T08:45:56","slug":"sind-vergleiche-im-depressions-und-somatisierungsausmass-zwischen-migranten-und-deutschen-moeglich","status":"publish","type":"post","link":"https:\/\/www.psychologie-aktuell.info\/reha\/2010\/10\/sind-vergleiche-im-depressions-und-somatisierungsausmass-zwischen-migranten-und-deutschen-moeglich\/","title":{"rendered":"Sind Vergleiche im Depressions- und Somatisierungsausma\u00df zwischen Migranten und Deutschen m\u00f6glich"},"content":{"rendered":"<blockquote><p>Zur Erfassung der psychischen Gesundheit von Migranten im Vergleich zu Deutschen sind Untersuchungen in der Allgemeinbev\u00f6lkerung zentral. F\u00fcr diesen Ansatz hat sich die Verwendung des Depressivit\u00e4ts- und des Somatisierungsmoduls des Patient Health Questionnaire (PHQ-9, PHQ-15) bew\u00e4hrt. Es ist jedoch unklar, ob diese Module bei Migranten das Gleiche messen wie bei Deutschen (Mess\u00e4quivalenz). Dadurch bleibt es fraglich, ob die Ergebnisse vergleichender Studien richtig interpretierbar sind. In der vorliegenden Arbeit wurden PHQ-9 und PHQ-15 anhand einer gro\u00dfen Stichprobe (je N=271) von Migranten und Deutschen auf Mess\u00e4quivalenz \u00fcberpr\u00fcft. <!--more-->Sowohl f\u00fcr den PHQ-9 als auch f\u00fcr den PHQ-15 wurde Mess\u00e4quivalenz gefunden. Mittelwertsvergleiche zwischen Migranten und Deutschen sind unter Verwendung dieser Instrumente m\u00f6glich. Die Voraussetzung f\u00fcr die Interpretation vergleichender Daten in Bezug auf Migranten und Deutsche mit dem PHQ-9 und PHQ-15 ist gegeben. Dies ist eine gute Basis f\u00fcr weitergehende Studien im Bereich der Migrationsforschung.<\/p><\/blockquote>\n<p>Quelle: <a href=\"http:\/\/psycontent.metapress.com\/content\/k30692v350761l21\/\">PsyCONTENT &#8211; Zeitschriftenbeitrag<\/a><\/p>\n","protected":false},"excerpt":{"rendered":"<p>Zur Erfassung der psychischen Gesundheit von Migranten im Vergleich zu Deutschen sind Untersuchungen in der Allgemeinbev\u00f6lkerung zentral. F\u00fcr diesen Ansatz hat sich die Verwendung des Depressivit\u00e4ts- und des Somatisierungsmoduls des Patient Health Questionnaire (PHQ-9, PHQ-15) bew\u00e4hrt. Es ist jedoch unklar, &hellip; <a href=\"https:\/\/www.psychologie-aktuell.info\/reha\/2010\/10\/sind-vergleiche-im-depressions-und-somatisierungsausmass-zwischen-migranten-und-deutschen-moeglich\/\">Weiterlesen <span class=\"meta-nav\">&rarr;<\/span><\/a><\/p>\n","protected":false},"author":1,"featured_media":0,"comment_status":"open","ping_status":"open","sticky":false,"template":"","format":"standard","meta":{"_jetpack_memberships_contains_paid_content":false,"footnotes":""},"categories":[21],"tags":[32,444,415,261,521],"class_list":["post-2613","post","type-post","status-publish","format-standard","hentry","category-zeitschriftenartikel","tag-depression","tag-depressivitaet","tag-migranten","tag-migration","tag-migrationsforschung"],"jetpack_featured_media_url":"","jetpack_shortlink":"https:\/\/wp.me\/p1fMVY-G9","jetpack_sharing_enabled":true,"_links":{"self":[{"href":"https:\/\/www.psychologie-aktuell.info\/reha\/wp-json\/wp\/v2\/posts\/2613","targetHints":{"allow":["GET"]}}],"collection":[{"href":"https:\/\/www.psychologie-aktuell.info\/reha\/wp-json\/wp\/v2\/posts"}],"about":[{"href":"https:\/\/www.psychologie-aktuell.info\/reha\/wp-json\/wp\/v2\/types\/post"}],"author":[{"embeddable":true,"href":"https:\/\/www.psychologie-aktuell.info\/reha\/wp-json\/wp\/v2\/users\/1"}],"replies":[{"embeddable":true,"href":"https:\/\/www.psychologie-aktuell.info\/reha\/wp-json\/wp\/v2\/comments?post=2613"}],"version-history":[{"count":1,"href":"https:\/\/www.psychologie-aktuell.info\/reha\/wp-json\/wp\/v2\/posts\/2613\/revisions"}],"predecessor-version":[{"id":2643,"href":"https:\/\/www.psychologie-aktuell.info\/reha\/wp-json\/wp\/v2\/posts\/2613\/revisions\/2643"}],"wp:attachment":[{"href":"https:\/\/www.psychologie-aktuell.info\/reha\/wp-json\/wp\/v2\/media?parent=2613"}],"wp:term":[{"taxonomy":"category","embeddable":true,"href":"https:\/\/www.psychologie-aktuell.info\/reha\/wp-json\/wp\/v2\/categories?post=2613"},{"taxonomy":"post_tag","embeddable":true,"href":"https:\/\/www.psychologie-aktuell.info\/reha\/wp-json\/wp\/v2\/tags?post=2613"}],"curies":[{"name":"wp","href":"https:\/\/api.w.org\/{rel}","templated":true}]}}