{"id":267,"date":"2008-12-22T19:27:57","date_gmt":"2008-12-22T18:27:57","guid":{"rendered":"http:\/\/www.reha-psychologie.net\/reha\/?p=267"},"modified":"2008-12-22T19:27:57","modified_gmt":"2008-12-22T18:27:57","slug":"psychische-storungen-auch-bei-kindern-auf-dem-vormarsch","status":"publish","type":"post","link":"https:\/\/www.psychologie-aktuell.info\/reha\/2008\/12\/psychische-storungen-auch-bei-kindern-auf-dem-vormarsch\/","title":{"rendered":"Psychische St\u00f6rungen auch bei Kindern auf dem Vormarsch"},"content":{"rendered":"<blockquote><p><b>Aktuelle Nachricht im Deutschen \u00c4rzteblatt:<\/b><\/p>\n<p>Auch Kinder leiden vermehrt unter psychischen St\u00f6rungen. Das berichtete die Kaufm\u00e4nnische Krankenkasse (KKH) am Montag. Grundlage ist eine Auswertung der Krankheitsdaten der Kasse.<\/p>\n<p>Zwischen 2004 und 2007 stieg die Zahl der Kinder, die unter einer psychischen Erkrankung litten, bei der KKH um 15 Prozent an. &#8222;Auff\u00e4llig ist, dass in der Altersgruppe bis 14 Jahre eher Jungen psychisch labil sind&#8220;, sagte der Vorstandsvorsitzende der Kasse, Ingo Kailuweit. &#8230;<\/p><\/blockquote>\n<p>Quelle: <a href=\"http:\/\/www.aerzteblatt.de\/v4\/news\/news.asp?id=34865\">Deutsches \u00c4rzteblatt: Nachrichten &#8222;Krankenkasse: Psychische St\u00f6rungen auch bei Kindern auf dem Vormarsch&#8220;<\/a><\/p>\n","protected":false},"excerpt":{"rendered":"<p>Aktuelle Nachricht im Deutschen \u00c4rzteblatt: Auch Kinder leiden vermehrt unter psychischen St\u00f6rungen. Das berichtete die Kaufm\u00e4nnische Krankenkasse (KKH) am Montag. Grundlage ist eine Auswertung der Krankheitsdaten der Kasse. Zwischen 2004 und 2007 stieg die Zahl der Kinder, die unter einer &hellip; <a href=\"https:\/\/www.psychologie-aktuell.info\/reha\/2008\/12\/psychische-storungen-auch-bei-kindern-auf-dem-vormarsch\/\">Weiterlesen <span class=\"meta-nav\">&rarr;<\/span><\/a><\/p>\n","protected":false},"author":1,"featured_media":0,"comment_status":"open","ping_status":"open","sticky":false,"template":"","format":"standard","meta":{"_jetpack_memberships_contains_paid_content":false,"footnotes":""},"categories":[21],"tags":[37],"class_list":["post-267","post","type-post","status-publish","format-standard","hentry","category-zeitschriftenartikel","tag-kinder-jugendliche"],"jetpack_featured_media_url":"","jetpack_shortlink":"https:\/\/wp.me\/p1fMVY-4j","jetpack_sharing_enabled":true,"_links":{"self":[{"href":"https:\/\/www.psychologie-aktuell.info\/reha\/wp-json\/wp\/v2\/posts\/267","targetHints":{"allow":["GET"]}}],"collection":[{"href":"https:\/\/www.psychologie-aktuell.info\/reha\/wp-json\/wp\/v2\/posts"}],"about":[{"href":"https:\/\/www.psychologie-aktuell.info\/reha\/wp-json\/wp\/v2\/types\/post"}],"author":[{"embeddable":true,"href":"https:\/\/www.psychologie-aktuell.info\/reha\/wp-json\/wp\/v2\/users\/1"}],"replies":[{"embeddable":true,"href":"https:\/\/www.psychologie-aktuell.info\/reha\/wp-json\/wp\/v2\/comments?post=267"}],"version-history":[{"count":0,"href":"https:\/\/www.psychologie-aktuell.info\/reha\/wp-json\/wp\/v2\/posts\/267\/revisions"}],"wp:attachment":[{"href":"https:\/\/www.psychologie-aktuell.info\/reha\/wp-json\/wp\/v2\/media?parent=267"}],"wp:term":[{"taxonomy":"category","embeddable":true,"href":"https:\/\/www.psychologie-aktuell.info\/reha\/wp-json\/wp\/v2\/categories?post=267"},{"taxonomy":"post_tag","embeddable":true,"href":"https:\/\/www.psychologie-aktuell.info\/reha\/wp-json\/wp\/v2\/tags?post=267"}],"curies":[{"name":"wp","href":"https:\/\/api.w.org\/{rel}","templated":true}]}}