{"id":2791,"date":"2010-11-24T23:46:32","date_gmt":"2010-11-24T22:46:32","guid":{"rendered":"http:\/\/www.psychologie-aktuell.info\/reha\/?p=2791"},"modified":"2010-11-24T23:47:28","modified_gmt":"2010-11-24T22:47:28","slug":"die-rolle-der-uebungshaeufigkeit-in-der-achtsamkeitsbasierten-kognitiven-therapie","status":"publish","type":"post","link":"https:\/\/www.psychologie-aktuell.info\/reha\/2010\/11\/die-rolle-der-uebungshaeufigkeit-in-der-achtsamkeitsbasierten-kognitiven-therapie\/","title":{"rendered":"Die Rolle der \u00dcbungsh\u00e4ufigkeit in der Achtsamkeitsbasierten Kognitiven Therapie"},"content":{"rendered":"<blockquote><p>Der \u00dcbungsh\u00e4ufigkeit wird im Rahmen der Mindfulness-Based Cognitive Therapy (MBCT) eine gro\u00dfe Bedeutung zugeschrieben. \u00dcben MBCT-Patienten den Vorgaben entsprechend und weisen Patienten, die h\u00e4ufiger \u00fcben, ein geringeres R\u00fcckfallrisiko auf? Die \u00dcbungsh\u00e4ufigkeit der 24 ehemals depressiven Patienten wurde direkt nach der MBCT sowie nach 6 und 12 Monaten erhoben. <!--more-->R\u00fcckf\u00e4lle wurden 12 Monate nach Ende der Behandlung erfasst. W\u00e4hrend des MBCT-Programms \u00fcbten die Patienten weitgehend den Vorgaben entsprechend. Patienten, die nicht r\u00fcckf\u00e4llig wurden, \u00fcbten in den sechs Monaten nach Behandlungsende den Bodyscan und die Meditation signifikant h\u00e4ufiger als Patienten, die einen R\u00fcckfall erleiden. Es konnte ein erster Hinweis f\u00fcr die Relevanz der \u00dcbungsh\u00e4ufigkeit bez\u00fcglich der Wirksamkeit der MBCT gefunden werden.<\/p><\/blockquote>\n<p>Quelle: <a href=\"http:\/\/psycontent.metapress.com\/content\/4726m8v382n04448\/\">PsyCONTENT &#8211; Zeitschriftenbeitrag<\/a><\/p>\n","protected":false},"excerpt":{"rendered":"<p>Der \u00dcbungsh\u00e4ufigkeit wird im Rahmen der Mindfulness-Based Cognitive Therapy (MBCT) eine gro\u00dfe Bedeutung zugeschrieben. \u00dcben MBCT-Patienten den Vorgaben entsprechend und weisen Patienten, die h\u00e4ufiger \u00fcben, ein geringeres R\u00fcckfallrisiko auf? Die \u00dcbungsh\u00e4ufigkeit der 24 ehemals depressiven Patienten wurde direkt nach der &hellip; <a href=\"https:\/\/www.psychologie-aktuell.info\/reha\/2010\/11\/die-rolle-der-uebungshaeufigkeit-in-der-achtsamkeitsbasierten-kognitiven-therapie\/\">Weiterlesen <span class=\"meta-nav\">&rarr;<\/span><\/a><\/p>\n","protected":false},"author":1,"featured_media":0,"comment_status":"open","ping_status":"open","sticky":false,"template":"","format":"standard","meta":{"_jetpack_memberships_contains_paid_content":false,"footnotes":""},"categories":[21],"tags":[584,582,583,580,581,214,212],"class_list":["post-2791","post","type-post","status-publish","format-standard","hentry","category-zeitschriftenartikel","tag-achtsamkeit","tag-bodyscan","tag-mbct","tag-mbct-programm","tag-meditation","tag-therapie","tag-wirksamkeit"],"jetpack_featured_media_url":"","jetpack_shortlink":"https:\/\/wp.me\/p1fMVY-J1","jetpack_sharing_enabled":true,"_links":{"self":[{"href":"https:\/\/www.psychologie-aktuell.info\/reha\/wp-json\/wp\/v2\/posts\/2791","targetHints":{"allow":["GET"]}}],"collection":[{"href":"https:\/\/www.psychologie-aktuell.info\/reha\/wp-json\/wp\/v2\/posts"}],"about":[{"href":"https:\/\/www.psychologie-aktuell.info\/reha\/wp-json\/wp\/v2\/types\/post"}],"author":[{"embeddable":true,"href":"https:\/\/www.psychologie-aktuell.info\/reha\/wp-json\/wp\/v2\/users\/1"}],"replies":[{"embeddable":true,"href":"https:\/\/www.psychologie-aktuell.info\/reha\/wp-json\/wp\/v2\/comments?post=2791"}],"version-history":[{"count":2,"href":"https:\/\/www.psychologie-aktuell.info\/reha\/wp-json\/wp\/v2\/posts\/2791\/revisions"}],"predecessor-version":[{"id":2881,"href":"https:\/\/www.psychologie-aktuell.info\/reha\/wp-json\/wp\/v2\/posts\/2791\/revisions\/2881"}],"wp:attachment":[{"href":"https:\/\/www.psychologie-aktuell.info\/reha\/wp-json\/wp\/v2\/media?parent=2791"}],"wp:term":[{"taxonomy":"category","embeddable":true,"href":"https:\/\/www.psychologie-aktuell.info\/reha\/wp-json\/wp\/v2\/categories?post=2791"},{"taxonomy":"post_tag","embeddable":true,"href":"https:\/\/www.psychologie-aktuell.info\/reha\/wp-json\/wp\/v2\/tags?post=2791"}],"curies":[{"name":"wp","href":"https:\/\/api.w.org\/{rel}","templated":true}]}}