{"id":2799,"date":"2010-12-05T08:00:42","date_gmt":"2010-12-05T07:00:42","guid":{"rendered":"http:\/\/www.psychologie-aktuell.info\/reha\/?p=2799"},"modified":"2010-12-01T18:04:31","modified_gmt":"2010-12-01T17:04:31","slug":"verkuerzt-eine-fruehzeitige-elektrokrampftherapie-bei-schweren-depressiven-episoden-die-weitere-stationaere-behandlungsdauer","status":"publish","type":"post","link":"https:\/\/www.psychologie-aktuell.info\/reha\/2010\/12\/verkuerzt-eine-fruehzeitige-elektrokrampftherapie-bei-schweren-depressiven-episoden-die-weitere-stationaere-behandlungsdauer\/","title":{"rendered":"Verk\u00fcrzt eine fr\u00fchzeitige Elektrokrampftherapie bei schweren depressiven Episoden die weitere station\u00e4re Behandlungsdauer?"},"content":{"rendered":"<blockquote><p>Die Elektrokrampftherapie ist eine effektive, schnell wirksame und gut vertr\u00e4gliche Behandlung bei depressiven Erkrankungen. Trotzdem wird sie meistens nur bei Therapieresistenz eingesetzt. Es liegen Hinweise f\u00fcr einen Zusammenhang zwischen raschem Wirkungseintritt und besserer Wirksamkeit einer antidepressiven Behandlung vor. In dieser Arbeit wird untersucht, ob es Hinweise daf\u00fcr gibt, dass sich durch den fr\u00fchzeitigen Einsatz einer EKT eine Verk\u00fcrzung der weiteren station\u00e4ren Behandlungsdauer erzielen l\u00e4sst.<!--more--> In einer retrospektiven Analyse wurden die postinterventionellen station\u00e4ren Behandlungszeiten und CGI-Ver\u00e4nderungen von 34 depressiven Patienten mit fr\u00fchzeitiger EKT-Anwendung mit den Daten von 19 Patienten, die nach langer station\u00e4rer Vorbehandlung in externen Kliniken, ohne EKT-M\u00f6glichkeit, zur EKT \u00fcberwiesen wurden, verglichen. Patienten, die fr\u00fchzeitig eine Elektrokrampfbehandlung erhalten hatten, konnten im Schnitt 57 Tage, die \u00fcberwiesenen Patienten erst 100 Tage nach der 1. EKT entlassen werden. Die CGI-Ver\u00e4nderungen waren in beiden Gruppen etwa gleich. Ein fr\u00fchzeitiger Einsatz einer EKT verk\u00fcrzt m\u00f6glicherweise die station\u00e4re Gesamtbehandlungsdauer bei depressiven Episoden.<\/p><\/blockquote>\n<p>Quelle: <a href=\"https:\/\/www.thieme-connect.de\/DOI\/DOI?10.1055\/s-0030-1248600\">Thieme eJournals &#8211; Abstract<\/a><\/p>\n","protected":false},"excerpt":{"rendered":"<p>Die Elektrokrampftherapie ist eine effektive, schnell wirksame und gut vertr\u00e4gliche Behandlung bei depressiven Erkrankungen. Trotzdem wird sie meistens nur bei Therapieresistenz eingesetzt. Es liegen Hinweise f\u00fcr einen Zusammenhang zwischen raschem Wirkungseintritt und besserer Wirksamkeit einer antidepressiven Behandlung vor. In dieser &hellip; <a href=\"https:\/\/www.psychologie-aktuell.info\/reha\/2010\/12\/verkuerzt-eine-fruehzeitige-elektrokrampftherapie-bei-schweren-depressiven-episoden-die-weitere-stationaere-behandlungsdauer\/\">Weiterlesen <span class=\"meta-nav\">&rarr;<\/span><\/a><\/p>\n","protected":false},"author":1,"featured_media":0,"comment_status":"open","ping_status":"open","sticky":false,"template":"","format":"standard","meta":{"_jetpack_memberships_contains_paid_content":false,"footnotes":""},"categories":[21],"tags":[32,233,212],"class_list":["post-2799","post","type-post","status-publish","format-standard","hentry","category-zeitschriftenartikel","tag-depression","tag-intervention","tag-wirksamkeit"],"jetpack_featured_media_url":"","jetpack_shortlink":"https:\/\/wp.me\/p1fMVY-J9","jetpack_sharing_enabled":true,"_links":{"self":[{"href":"https:\/\/www.psychologie-aktuell.info\/reha\/wp-json\/wp\/v2\/posts\/2799","targetHints":{"allow":["GET"]}}],"collection":[{"href":"https:\/\/www.psychologie-aktuell.info\/reha\/wp-json\/wp\/v2\/posts"}],"about":[{"href":"https:\/\/www.psychologie-aktuell.info\/reha\/wp-json\/wp\/v2\/types\/post"}],"author":[{"embeddable":true,"href":"https:\/\/www.psychologie-aktuell.info\/reha\/wp-json\/wp\/v2\/users\/1"}],"replies":[{"embeddable":true,"href":"https:\/\/www.psychologie-aktuell.info\/reha\/wp-json\/wp\/v2\/comments?post=2799"}],"version-history":[{"count":1,"href":"https:\/\/www.psychologie-aktuell.info\/reha\/wp-json\/wp\/v2\/posts\/2799\/revisions"}],"predecessor-version":[{"id":2887,"href":"https:\/\/www.psychologie-aktuell.info\/reha\/wp-json\/wp\/v2\/posts\/2799\/revisions\/2887"}],"wp:attachment":[{"href":"https:\/\/www.psychologie-aktuell.info\/reha\/wp-json\/wp\/v2\/media?parent=2799"}],"wp:term":[{"taxonomy":"category","embeddable":true,"href":"https:\/\/www.psychologie-aktuell.info\/reha\/wp-json\/wp\/v2\/categories?post=2799"},{"taxonomy":"post_tag","embeddable":true,"href":"https:\/\/www.psychologie-aktuell.info\/reha\/wp-json\/wp\/v2\/tags?post=2799"}],"curies":[{"name":"wp","href":"https:\/\/api.w.org\/{rel}","templated":true}]}}