{"id":2801,"date":"2010-11-29T07:00:30","date_gmt":"2010-11-29T06:00:30","guid":{"rendered":"http:\/\/www.psychologie-aktuell.info\/reha\/?p=2801"},"modified":"2010-11-24T23:46:16","modified_gmt":"2010-11-24T22:46:16","slug":"psychiatrie-der-lebensspanne-der-altersbezug-in-der-psychiatrischen-forschung","status":"publish","type":"post","link":"https:\/\/www.psychologie-aktuell.info\/reha\/2010\/11\/psychiatrie-der-lebensspanne-der-altersbezug-in-der-psychiatrischen-forschung\/","title":{"rendered":"Psychiatrie der Lebensspanne? &#8211; Der Altersbezug in der psychiatrischen Forschung"},"content":{"rendered":"<blockquote><p>Systematischer \u00dcberblick zum Einbezug der Variable \u201eAlter\u201d in Originalarbeiten, die im aktuellsten vollst\u00e4ndigen Jahrgang zweier deutschsprachiger Zeitschriften ver\u00f6ffentlicht wurden. Literaturrecherche in den Zeitschriften im Jahr 2009. 88 % aller Studien nehmen Bezug auf das Alter der Probanden. \u00dcber die H\u00e4lfte der Originalarbeiten<!--more--> geht rein deskriptiv vor, w\u00e4hrend knapp ein Drittel das Alter als Einflussvariable in multivariate Modelle einf\u00fchrt. Wenige Studien berichten Ergebnisse unterteilt nach Altersgruppen. Der Fokus der ver\u00f6ffentlichten Studien liegt auf dem Erwachsenenalter (18-65 Jahre). In Anbetracht des demografischen Wandels und der Altersspezifik psychischer St\u00f6rungen ist die Ber\u00fccksichtigung des Lebensalters in der Forschung unerl\u00e4sslich. Sich verschiebende und ver\u00e4ndernde Altersnormen und Entwicklungsaufgaben verlangen nach Beachtung.<\/p><\/blockquote>\n<p>Quelle: <a href=\"https:\/\/www.thieme-connect.de\/DOI\/DOI?10.1055\/s-0030-1248623\">Thieme eJournals &#8211; Abstract<\/a><\/p>\n","protected":false},"excerpt":{"rendered":"<p>Systematischer \u00dcberblick zum Einbezug der Variable \u201eAlter\u201d in Originalarbeiten, die im aktuellsten vollst\u00e4ndigen Jahrgang zweier deutschsprachiger Zeitschriften ver\u00f6ffentlicht wurden. Literaturrecherche in den Zeitschriften im Jahr 2009. 88 % aller Studien nehmen Bezug auf das Alter der Probanden. \u00dcber die H\u00e4lfte &hellip; <a href=\"https:\/\/www.psychologie-aktuell.info\/reha\/2010\/11\/psychiatrie-der-lebensspanne-der-altersbezug-in-der-psychiatrischen-forschung\/\">Weiterlesen <span class=\"meta-nav\">&rarr;<\/span><\/a><\/p>\n","protected":false},"author":1,"featured_media":0,"comment_status":"open","ping_status":"open","sticky":false,"template":"","format":"standard","meta":{"_jetpack_memberships_contains_paid_content":false,"footnotes":""},"categories":[21],"tags":[603,601,604,602,605,600,606],"class_list":["post-2801","post","type-post","status-publish","format-standard","hentry","category-zeitschriftenartikel","tag-altersbezug","tag-altersgruppe","tag-altersnormen","tag-altersspezifik","tag-lebensalter","tag-lebensspanne","tag-psychiatrie"],"jetpack_featured_media_url":"","jetpack_shortlink":"https:\/\/wp.me\/p1fMVY-Jb","jetpack_sharing_enabled":true,"_links":{"self":[{"href":"https:\/\/www.psychologie-aktuell.info\/reha\/wp-json\/wp\/v2\/posts\/2801","targetHints":{"allow":["GET"]}}],"collection":[{"href":"https:\/\/www.psychologie-aktuell.info\/reha\/wp-json\/wp\/v2\/posts"}],"about":[{"href":"https:\/\/www.psychologie-aktuell.info\/reha\/wp-json\/wp\/v2\/types\/post"}],"author":[{"embeddable":true,"href":"https:\/\/www.psychologie-aktuell.info\/reha\/wp-json\/wp\/v2\/users\/1"}],"replies":[{"embeddable":true,"href":"https:\/\/www.psychologie-aktuell.info\/reha\/wp-json\/wp\/v2\/comments?post=2801"}],"version-history":[{"count":1,"href":"https:\/\/www.psychologie-aktuell.info\/reha\/wp-json\/wp\/v2\/posts\/2801\/revisions"}],"predecessor-version":[{"id":2880,"href":"https:\/\/www.psychologie-aktuell.info\/reha\/wp-json\/wp\/v2\/posts\/2801\/revisions\/2880"}],"wp:attachment":[{"href":"https:\/\/www.psychologie-aktuell.info\/reha\/wp-json\/wp\/v2\/media?parent=2801"}],"wp:term":[{"taxonomy":"category","embeddable":true,"href":"https:\/\/www.psychologie-aktuell.info\/reha\/wp-json\/wp\/v2\/categories?post=2801"},{"taxonomy":"post_tag","embeddable":true,"href":"https:\/\/www.psychologie-aktuell.info\/reha\/wp-json\/wp\/v2\/tags?post=2801"}],"curies":[{"name":"wp","href":"https:\/\/api.w.org\/{rel}","templated":true}]}}