{"id":2802,"date":"2010-11-19T10:01:45","date_gmt":"2010-11-19T09:01:45","guid":{"rendered":"http:\/\/www.psychologie-aktuell.info\/reha\/?p=2802"},"modified":"2010-11-16T21:59:08","modified_gmt":"2010-11-16T20:59:08","slug":"entwicklung-eines-anamnesebogens-fuer-psychotherapiepatienten-mit-komorbiden-koerperlichen-erkrankungen","status":"publish","type":"post","link":"https:\/\/www.psychologie-aktuell.info\/reha\/2010\/11\/entwicklung-eines-anamnesebogens-fuer-psychotherapiepatienten-mit-komorbiden-koerperlichen-erkrankungen\/","title":{"rendered":"Entwicklung eines Anamnesebogens f\u00fcr Psychotherapiepatienten mit komorbiden k\u00f6rperlichen Erkrankungen"},"content":{"rendered":"<blockquote><p>Der routinem\u00e4\u00dfigen Erfassung der psychischen und k\u00f6rperlichen Krankheitsgeschichte kommt im psychodiagnostischen Prozess eine bedeutsame Stellung zu. Ziel der Studie ist die Entwicklung eines Anamnesebogens f\u00fcr Psychotherapiepatienten mit komorbiden k\u00f6rperlichen Erkrankungen (ANKER). Der Entwicklung des ANKER liegt ein qualitatives, zweistufiges Forschungsdesign in Anlehnung an die Grounded Theory zugrunde und umfasst eine Bedarfsanalyse und eine Evaluation der ersten ANKER-Version. <!--more-->Die Auswertung erfolgte qualitativ-inhaltsanalytisch. Ein Anamnesebogen sollte folgende Ziele erf\u00fcllen: 1) Leitfaden und Erinnerung, 2) Grundlage f\u00fcr Therapieantrag, 3) Zeitersparnis. Inhaltlich sollte er insbesondere die Themenbereiche \u201eBeschwerden und Erkrankungen\u201d, \u201eUrsprungsfamilie\u201d, \u201eSchule und Beruf\u201d, \u201ePartnerschaft\u201d und \u201eFreunde und Bekannte\u201d abdecken. Der neu entwickelte ANKER wurde als praktikabel, hilfreich und \u00f6konomisch bewertet.<\/p><\/blockquote>\n<p>Quelle: <a href=\"https:\/\/www.thieme-connect.de\/DOI\/DOI?10.1055\/s-0030-1265214\">Thieme eJournals &#8211; Abstract<\/a><\/p>\n","protected":false},"excerpt":{"rendered":"<p>Der routinem\u00e4\u00dfigen Erfassung der psychischen und k\u00f6rperlichen Krankheitsgeschichte kommt im psychodiagnostischen Prozess eine bedeutsame Stellung zu. Ziel der Studie ist die Entwicklung eines Anamnesebogens f\u00fcr Psychotherapiepatienten mit komorbiden k\u00f6rperlichen Erkrankungen (ANKER). Der Entwicklung des ANKER liegt ein qualitatives, zweistufiges Forschungsdesign &hellip; <a href=\"https:\/\/www.psychologie-aktuell.info\/reha\/2010\/11\/entwicklung-eines-anamnesebogens-fuer-psychotherapiepatienten-mit-komorbiden-koerperlichen-erkrankungen\/\">Weiterlesen <span class=\"meta-nav\">&rarr;<\/span><\/a><\/p>\n","protected":false},"author":1,"featured_media":0,"comment_status":"open","ping_status":"open","sticky":false,"template":"","format":"standard","meta":{"_jetpack_memberships_contains_paid_content":false,"footnotes":""},"categories":[21],"tags":[577,575,576,574,129,214,100],"class_list":["post-2802","post","type-post","status-publish","format-standard","hentry","category-zeitschriftenartikel","tag-anamnesebogen","tag-anker-version","tag-krankheitsgeschichte","tag-leitfaden","tag-psychotherapie","tag-therapie","tag-ziele"],"jetpack_featured_media_url":"","jetpack_shortlink":"https:\/\/wp.me\/p1fMVY-Jc","jetpack_sharing_enabled":true,"_links":{"self":[{"href":"https:\/\/www.psychologie-aktuell.info\/reha\/wp-json\/wp\/v2\/posts\/2802","targetHints":{"allow":["GET"]}}],"collection":[{"href":"https:\/\/www.psychologie-aktuell.info\/reha\/wp-json\/wp\/v2\/posts"}],"about":[{"href":"https:\/\/www.psychologie-aktuell.info\/reha\/wp-json\/wp\/v2\/types\/post"}],"author":[{"embeddable":true,"href":"https:\/\/www.psychologie-aktuell.info\/reha\/wp-json\/wp\/v2\/users\/1"}],"replies":[{"embeddable":true,"href":"https:\/\/www.psychologie-aktuell.info\/reha\/wp-json\/wp\/v2\/comments?post=2802"}],"version-history":[{"count":1,"href":"https:\/\/www.psychologie-aktuell.info\/reha\/wp-json\/wp\/v2\/posts\/2802\/revisions"}],"predecessor-version":[{"id":2824,"href":"https:\/\/www.psychologie-aktuell.info\/reha\/wp-json\/wp\/v2\/posts\/2802\/revisions\/2824"}],"wp:attachment":[{"href":"https:\/\/www.psychologie-aktuell.info\/reha\/wp-json\/wp\/v2\/media?parent=2802"}],"wp:term":[{"taxonomy":"category","embeddable":true,"href":"https:\/\/www.psychologie-aktuell.info\/reha\/wp-json\/wp\/v2\/categories?post=2802"},{"taxonomy":"post_tag","embeddable":true,"href":"https:\/\/www.psychologie-aktuell.info\/reha\/wp-json\/wp\/v2\/tags?post=2802"}],"curies":[{"name":"wp","href":"https:\/\/api.w.org\/{rel}","templated":true}]}}