{"id":2807,"date":"2010-11-27T06:16:06","date_gmt":"2010-11-27T05:16:06","guid":{"rendered":"http:\/\/www.psychologie-aktuell.info\/reha\/?p=2807"},"modified":"2010-11-24T23:42:24","modified_gmt":"2010-11-24T22:42:24","slug":"ulm-baut-neue-klinik-fuer-psychosomatische-medizin-und-psychotherapie","status":"publish","type":"post","link":"https:\/\/www.psychologie-aktuell.info\/reha\/2010\/11\/ulm-baut-neue-klinik-fuer-psychosomatische-medizin-und-psychotherapie\/","title":{"rendered":"Ulm baut neue Klinik f\u00fcr Psychosomatische Medizin und Psychotherapie"},"content":{"rendered":"<blockquote><p>Die Universit\u00e4tsklinik Ulm baut eine neue Klinik f\u00fcr Psychosomatische Medizin und Psychotherapie. Das Geb\u00e4ude wird in unmittelbarer N\u00e4he zur Inneren Medizin und zur neuen Chirurgie errichtet und soll die station\u00e4re und integrierte Versorgung von Patienten mit somatischen und psychischen Beschwerden verbessern. Das dreigeschossige Geb\u00e4ude soll 2012 in Betrieb gehen.<\/p>\n<p><!--more-->\u201eDie ambulante Versorgung ist an unserem Klinikum seit vielen Jahren hervorragend etabliert. Wir haben aber erkannt, dass ein zunehmender Bedarf gerade auch an maximal miteinander vernetzter station\u00e4rer und ambulanter Versorgung besteht\u201c, so Reinhard Marre, \u00c4rztlicher Direktor des Universit\u00e4tsklinikums.<\/p>\n<p>Das neue Geb\u00e4ude beherbergt neben Tagesklinik, Ambulanz, Konsildienst und Forschungsfl\u00e4chen auf insgesamt 1.900 Quadratmetern auch zwanzig station\u00e4re Pl\u00e4tze. Bisher wurden station\u00e4re Patienten in sieben Betten in den Kliniken der Inneren Medizin betreut.<\/p>\n<p>Bauherr der neuen Klinik ist das Land Baden-W\u00fcrttemberg, die Baukosten von insgesamt acht Millionen Euro tr\u00e4gt das Universit\u00e4tsklinikum.<\/p><\/blockquote>\n<p>Quelle: <a href=\"http:\/\/www.aerzteblatt.de\/v4\/news\/news.asp?id=43474\">Deutsches \u00c4rzteblatt: Nachrichten &#8222;Ulm baut neue Klinik f\u00fcr Psychosomatische Medizin und Psychotherapie&#8220;<\/a><\/p>\n","protected":false},"excerpt":{"rendered":"<p>Die Universit\u00e4tsklinik Ulm baut eine neue Klinik f\u00fcr Psychosomatische Medizin und Psychotherapie. Das Geb\u00e4ude wird in unmittelbarer N\u00e4he zur Inneren Medizin und zur neuen Chirurgie errichtet und soll die station\u00e4re und integrierte Versorgung von Patienten mit somatischen und psychischen Beschwerden &hellip; <a href=\"https:\/\/www.psychologie-aktuell.info\/reha\/2010\/11\/ulm-baut-neue-klinik-fuer-psychosomatische-medizin-und-psychotherapie\/\">Weiterlesen <span class=\"meta-nav\">&rarr;<\/span><\/a><\/p>\n","protected":false},"author":1,"featured_media":0,"comment_status":"open","ping_status":"open","sticky":false,"template":"","format":"standard","meta":{"_jetpack_memberships_contains_paid_content":false,"footnotes":""},"categories":[21],"tags":[594,371,82,129,593],"class_list":["post-2807","post","type-post","status-publish","format-standard","hentry","category-zeitschriftenartikel","tag-ambulanz","tag-integrierte-versorgung","tag-psychosomatik","tag-psychotherapie","tag-tagesklinik"],"jetpack_featured_media_url":"","jetpack_shortlink":"https:\/\/wp.me\/p1fMVY-Jh","jetpack_sharing_enabled":true,"_links":{"self":[{"href":"https:\/\/www.psychologie-aktuell.info\/reha\/wp-json\/wp\/v2\/posts\/2807","targetHints":{"allow":["GET"]}}],"collection":[{"href":"https:\/\/www.psychologie-aktuell.info\/reha\/wp-json\/wp\/v2\/posts"}],"about":[{"href":"https:\/\/www.psychologie-aktuell.info\/reha\/wp-json\/wp\/v2\/types\/post"}],"author":[{"embeddable":true,"href":"https:\/\/www.psychologie-aktuell.info\/reha\/wp-json\/wp\/v2\/users\/1"}],"replies":[{"embeddable":true,"href":"https:\/\/www.psychologie-aktuell.info\/reha\/wp-json\/wp\/v2\/comments?post=2807"}],"version-history":[{"count":1,"href":"https:\/\/www.psychologie-aktuell.info\/reha\/wp-json\/wp\/v2\/posts\/2807\/revisions"}],"predecessor-version":[{"id":2878,"href":"https:\/\/www.psychologie-aktuell.info\/reha\/wp-json\/wp\/v2\/posts\/2807\/revisions\/2878"}],"wp:attachment":[{"href":"https:\/\/www.psychologie-aktuell.info\/reha\/wp-json\/wp\/v2\/media?parent=2807"}],"wp:term":[{"taxonomy":"category","embeddable":true,"href":"https:\/\/www.psychologie-aktuell.info\/reha\/wp-json\/wp\/v2\/categories?post=2807"},{"taxonomy":"post_tag","embeddable":true,"href":"https:\/\/www.psychologie-aktuell.info\/reha\/wp-json\/wp\/v2\/tags?post=2807"}],"curies":[{"name":"wp","href":"https:\/\/api.w.org\/{rel}","templated":true}]}}