{"id":313,"date":"2009-02-20T08:00:00","date_gmt":"2009-02-20T07:00:00","guid":{"rendered":"http:\/\/www.reha-psychologie.net\/reha\/2009\/02\/stehen-kognitive-funktionen-im-zusammenhang-mit-angst-depression-und-posttraumatischer-belastungsstorung-bei-brustkrebspatientinnen-nach-onkologischer-behandlung\/"},"modified":"2009-02-20T08:00:00","modified_gmt":"2009-02-20T07:00:00","slug":"stehen-kognitive-funktionen-im-zusammenhang-mit-angst-depression-und-posttraumatischer-belastungsstorung-bei-brustkrebspatientinnen-nach-onkologischer-behandlung","status":"publish","type":"post","link":"https:\/\/www.psychologie-aktuell.info\/reha\/2009\/02\/stehen-kognitive-funktionen-im-zusammenhang-mit-angst-depression-und-posttraumatischer-belastungsstorung-bei-brustkrebspatientinnen-nach-onkologischer-behandlung\/","title":{"rendered":"Stehen kognitive Funktionen im Zusammenhang mit Angst, Depression und Posttraumatischer Belastungsst\u00f6rung bei Brustkrebspatientinnen nach onkologischer Behandlung?"},"content":{"rendered":"<blockquote><p>In der vorliegenden Arbeit wird der Zusammenhang von Angst, Depression und Posttraumatischer Belastungsst\u00f6rung mit der kognitiven Leistungsf\u00e4higkeit bei Frauen mit Mammakarzinom untersucht. Insgesamt wurden 76 Brustkrebspatientinnen f\u00fcnf Jahre nach Abschluss der onkologischen Behandlung mit neuropsychologischen Testverfahren sowie mit der Hospital Anxiety and Depression Scale \u00e2\u20ac\u201c Deutsche Version (HADS-D) und der Posttraumatic Stress Disorder Checklist \u00e2\u20ac\u201c Civilian Version (PCL-C) untersucht. &#8230; Signifikante Zusammenh\u00e4nge sind vor allem zwischen kognitiven Funktionen und Intrusionssymptomen einer Posttraumatischen Belastungsst\u00f6rung (PTBS) festzustellen. &#8230; Die Ergebnisse der Studie deuten auf multidimensionale Einfluss- und moderierende Faktoren bei der Entwicklung kognitiver Defizite bei Brustkrebspatientinnen nach onkologischer Therapie hin.\n<\/p><\/blockquote>\n<p>Quelle: <a href=\"http:\/\/psycontent.metapress.com\/content\/883445182468u548\/\">PsyCONTENT &#8211; Zeitschriftenbeitrag<\/a><\/p>\n","protected":false},"excerpt":{"rendered":"<p>In der vorliegenden Arbeit wird der Zusammenhang von Angst, Depression und Posttraumatischer Belastungsst\u00f6rung mit der kognitiven Leistungsf\u00e4higkeit bei Frauen mit Mammakarzinom untersucht. Insgesamt wurden 76 Brustkrebspatientinnen f\u00fcnf Jahre nach Abschluss der onkologischen Behandlung mit neuropsychologischen Testverfahren sowie mit der Hospital &hellip; <a href=\"https:\/\/www.psychologie-aktuell.info\/reha\/2009\/02\/stehen-kognitive-funktionen-im-zusammenhang-mit-angst-depression-und-posttraumatischer-belastungsstorung-bei-brustkrebspatientinnen-nach-onkologischer-behandlung\/\">Weiterlesen <span class=\"meta-nav\">&rarr;<\/span><\/a><\/p>\n","protected":false},"author":1,"featured_media":0,"comment_status":"open","ping_status":"open","sticky":false,"template":"","format":"standard","meta":{"_jetpack_memberships_contains_paid_content":false,"footnotes":""},"categories":[21],"tags":[31,91,93,92,241,186],"class_list":["post-313","post","type-post","status-publish","format-standard","hentry","category-zeitschriftenartikel","tag-diagnostik","tag-gedachtnis","tag-hads-d","tag-konzentration","tag-krebs","tag-onkologie"],"jetpack_featured_media_url":"","jetpack_shortlink":"https:\/\/wp.me\/p1fMVY-53","jetpack_sharing_enabled":true,"_links":{"self":[{"href":"https:\/\/www.psychologie-aktuell.info\/reha\/wp-json\/wp\/v2\/posts\/313","targetHints":{"allow":["GET"]}}],"collection":[{"href":"https:\/\/www.psychologie-aktuell.info\/reha\/wp-json\/wp\/v2\/posts"}],"about":[{"href":"https:\/\/www.psychologie-aktuell.info\/reha\/wp-json\/wp\/v2\/types\/post"}],"author":[{"embeddable":true,"href":"https:\/\/www.psychologie-aktuell.info\/reha\/wp-json\/wp\/v2\/users\/1"}],"replies":[{"embeddable":true,"href":"https:\/\/www.psychologie-aktuell.info\/reha\/wp-json\/wp\/v2\/comments?post=313"}],"version-history":[{"count":0,"href":"https:\/\/www.psychologie-aktuell.info\/reha\/wp-json\/wp\/v2\/posts\/313\/revisions"}],"wp:attachment":[{"href":"https:\/\/www.psychologie-aktuell.info\/reha\/wp-json\/wp\/v2\/media?parent=313"}],"wp:term":[{"taxonomy":"category","embeddable":true,"href":"https:\/\/www.psychologie-aktuell.info\/reha\/wp-json\/wp\/v2\/categories?post=313"},{"taxonomy":"post_tag","embeddable":true,"href":"https:\/\/www.psychologie-aktuell.info\/reha\/wp-json\/wp\/v2\/tags?post=313"}],"curies":[{"name":"wp","href":"https:\/\/api.w.org\/{rel}","templated":true}]}}