{"id":3281,"date":"2011-01-23T08:08:51","date_gmt":"2011-01-23T07:08:51","guid":{"rendered":"http:\/\/www.psychologie-aktuell.info\/reha\/?p=3281"},"modified":"2011-01-22T12:05:12","modified_gmt":"2011-01-22T11:05:12","slug":"erwerbsminderung-bei-holocaustopfern-eine-langzeitkatamnestische-betrachtung-somatischer-und-psychiatrischer-diagnosen-unter-berucksichtigung-des-gesamtschauaspekts","status":"publish","type":"post","link":"https:\/\/www.psychologie-aktuell.info\/reha\/2011\/01\/erwerbsminderung-bei-holocaustopfern-eine-langzeitkatamnestische-betrachtung-somatischer-und-psychiatrischer-diagnosen-unter-berucksichtigung-des-gesamtschauaspekts\/","title":{"rendered":"Erwerbsminderung bei Holocaustopfern: eine langzeitkatamnestische Betrachtung somatischer und psychiatrischer Diagnosen unter Ber\u00fccksichtigung des Gesamtschauaspekts"},"content":{"rendered":"<blockquote><p><strong>T. Biermann, W. Sperling, H. M\u00fcller, P. Sch\u00fctz, J. Kornhuber, U. Reulbach<\/strong><\/p>\n<p>In der Gruppe ehemals Holocaustgesch\u00e4digter ist die H\u00e4ufigkeit psychischer und somatischer Folgesch\u00e4den erwiesenerma\u00dfen hoch. Die Bewertung der verfolgungsbedingten Minderung der Erwerbsf\u00e4higkeit (vMdE) richtet sich nach der Wechselwirkung aus direkt holocaustinduzierten psychischen und somatischen Prim\u00e4rsch\u00e4den mit sp\u00e4ter erworbenen k\u00f6rperlichen, psychischen und psychosozialen Einflussfaktoren.<br \/>\nDie Erhebung basierte auf der Auswertung s\u00e4mtlicher aktenkundlich <!--more-->dokumentierter Angaben (Gutachten, beigef\u00fcgte Krankenblattunterlagen, \u00e4rztliche Stellungnahmen, handschriftliche eidesstattliche Aufzeichnungen der Patienten). Insgesamt wurden die Gutachten von 56 \u00dcberlebenden (36 Frauen und 20 M\u00e4nner) des Holocaust ausgewertet. Bei 92,3 % der \u00dcberlebenden konnte im ersten Jahr nach der Befreiung bereits eine psychiatrische Diagnose festgestellt werden. Bei einer getrennten Analyse einzelner somatischer Krankheitsbilder f\u00e4llt eine signifikante H\u00e4ufung von gastrointestinalen Beschwerden (Chi-Quadrat Test; \u03c72 = 4,0; df = 1; p = 0,046) bei Holocaust\u00fcberlebenden auf, die mit \u00fcber 30 % vMdE eingestuft wurden.<br \/>\nDie Frage einer Verschlimmerung der psychiatrisch relevanten, verfolgungsbedingten Symptomatik unter dem Gesichtspunkt zus\u00e4tzlich beeintr\u00e4chtigender endogener (psychische, somatische Erkrankung) oder exogener (\u201elife events\u201d) Faktoren steht meist im Mittelpunkt der gutachterlichen Bewertung. Die vorliegende Untersuchung ergab, dass vor allem neu erworbene somatische Erkrankungen bei ehemaligen Holocaustopfern in Beziehung zu einer Zunahme verfolgungsbedingter psychischer Beschwerden stehen.<\/p><\/blockquote>\n<p>Quelle: <a href=\"https:\/\/www.thieme-connect.de\/DOI\/DOI?10.1055\/s-0029-1245755\">Thieme eJournals &#8211; Abstract<\/a><\/p>\n","protected":false},"excerpt":{"rendered":"<p>T. Biermann, W. Sperling, H. M\u00fcller, P. Sch\u00fctz, J. Kornhuber, U. Reulbach In der Gruppe ehemals Holocaustgesch\u00e4digter ist die H\u00e4ufigkeit psychischer und somatischer Folgesch\u00e4den erwiesenerma\u00dfen hoch. Die Bewertung der verfolgungsbedingten Minderung der Erwerbsf\u00e4higkeit (vMdE) richtet sich nach der Wechselwirkung aus &hellip; <a href=\"https:\/\/www.psychologie-aktuell.info\/reha\/2011\/01\/erwerbsminderung-bei-holocaustopfern-eine-langzeitkatamnestische-betrachtung-somatischer-und-psychiatrischer-diagnosen-unter-berucksichtigung-des-gesamtschauaspekts\/\">Weiterlesen <span class=\"meta-nav\">&rarr;<\/span><\/a><\/p>\n","protected":false},"author":1,"featured_media":0,"comment_status":"open","ping_status":"open","sticky":false,"template":"","format":"standard","meta":{"_jetpack_memberships_contains_paid_content":false,"footnotes":""},"categories":[21],"tags":[623,364,708,709,698,419],"class_list":["post-3281","post","type-post","status-publish","format-standard","hentry","category-zeitschriftenartikel","tag-gutachten","tag-gutachter","tag-holocaustgeschadigter","tag-minderung-der-erwerbsfahigkeit","tag-stellungnahme","tag-symptomatik"],"jetpack_featured_media_url":"","jetpack_shortlink":"https:\/\/wp.me\/p1fMVY-QV","jetpack_sharing_enabled":true,"_links":{"self":[{"href":"https:\/\/www.psychologie-aktuell.info\/reha\/wp-json\/wp\/v2\/posts\/3281","targetHints":{"allow":["GET"]}}],"collection":[{"href":"https:\/\/www.psychologie-aktuell.info\/reha\/wp-json\/wp\/v2\/posts"}],"about":[{"href":"https:\/\/www.psychologie-aktuell.info\/reha\/wp-json\/wp\/v2\/types\/post"}],"author":[{"embeddable":true,"href":"https:\/\/www.psychologie-aktuell.info\/reha\/wp-json\/wp\/v2\/users\/1"}],"replies":[{"embeddable":true,"href":"https:\/\/www.psychologie-aktuell.info\/reha\/wp-json\/wp\/v2\/comments?post=3281"}],"version-history":[{"count":1,"href":"https:\/\/www.psychologie-aktuell.info\/reha\/wp-json\/wp\/v2\/posts\/3281\/revisions"}],"predecessor-version":[{"id":3313,"href":"https:\/\/www.psychologie-aktuell.info\/reha\/wp-json\/wp\/v2\/posts\/3281\/revisions\/3313"}],"wp:attachment":[{"href":"https:\/\/www.psychologie-aktuell.info\/reha\/wp-json\/wp\/v2\/media?parent=3281"}],"wp:term":[{"taxonomy":"category","embeddable":true,"href":"https:\/\/www.psychologie-aktuell.info\/reha\/wp-json\/wp\/v2\/categories?post=3281"},{"taxonomy":"post_tag","embeddable":true,"href":"https:\/\/www.psychologie-aktuell.info\/reha\/wp-json\/wp\/v2\/tags?post=3281"}],"curies":[{"name":"wp","href":"https:\/\/api.w.org\/{rel}","templated":true}]}}