{"id":3288,"date":"2011-01-18T06:18:11","date_gmt":"2011-01-18T05:18:11","guid":{"rendered":"http:\/\/www.psychologie-aktuell.info\/reha\/?p=3288"},"modified":"2011-01-17T22:33:32","modified_gmt":"2011-01-17T21:33:32","slug":"psychotherapeutische-gruppenintervention-fur-patienten-in-der-zweiten-lebenshalfte","status":"publish","type":"post","link":"https:\/\/www.psychologie-aktuell.info\/reha\/2011\/01\/psychotherapeutische-gruppenintervention-fur-patienten-in-der-zweiten-lebenshalfte\/","title":{"rendered":"Psychotherapeutische Gruppenintervention f\u00fcr Patienten in der zweiten Lebensh\u00e4lfte"},"content":{"rendered":"<blockquote><p><strong>Beate\u00a0 Wild, Julia\u00a0 Hausmanns, Rosemarie\u00a0 Hoevels, Wolfgang\u00a0 Herzog, Brigitte\u00a0 Schlehofer<\/strong><\/p>\n<p>Psychische St\u00f6rungen im Alter stehen oft in Wechselwirkung mit sozialen und k\u00f6rperlichen Ver\u00e4nderungen. Bei \u00e4lteren Menschen mit chronischen Erkrankungen sind Depressivit\u00e4t und Angstst\u00f6rungen h\u00e4ufig zu beobachten. Inzwischen wei\u00df man, dass \u00e4ltere Menschen von Psychotherapie profitieren k\u00f6nnen. Die Gruppe \u201e40 plus\u201d bietet eine supportive Gruppenintervention f\u00fcr k\u00f6rperlich und psychisch belastete Patienten in der zweiten Lebensh\u00e4lfte an. Die Gruppenintervention gibt den Teilnehmern die M\u00f6glichkeit, <!--more-->eigene Ressourcen zu erkennen und zu aktivieren; der Zusammenhang zwischen k\u00f6rperlichen Beschwerden und psychosozialen Belastungen kann wahrgenommen werden und eigene Einflussm\u00f6glichkeiten werden entdeckt. Eine Evaluation an 64 Patienten zeigt, dass sich signifikante Verbesserungen im Bereich Depressivit\u00e4t, psychosoziale Belastungsschwere und Somatisierung ergaben. Das hier vorgestellte Konzept der Gruppe \u201e40 plus\u201d k\u00f6nnte somit wirksam eine Versorgungsl\u00fccke f\u00fcr \u00e4ltere Menschen schlie\u00dfen.<\/p><\/blockquote>\n<p>Quelle: <a href=\"https:\/\/www.thieme-connect.de\/DOI\/DOI?10.1055\/s-0030-1265936\">Thieme eJournals &#8211; Abstract<\/a><\/p>\n","protected":false},"excerpt":{"rendered":"<p>Beate\u00a0 Wild, Julia\u00a0 Hausmanns, Rosemarie\u00a0 Hoevels, Wolfgang\u00a0 Herzog, Brigitte\u00a0 Schlehofer Psychische St\u00f6rungen im Alter stehen oft in Wechselwirkung mit sozialen und k\u00f6rperlichen Ver\u00e4nderungen. Bei \u00e4lteren Menschen mit chronischen Erkrankungen sind Depressivit\u00e4t und Angstst\u00f6rungen h\u00e4ufig zu beobachten. Inzwischen wei\u00df man, dass &hellip; <a href=\"https:\/\/www.psychologie-aktuell.info\/reha\/2011\/01\/psychotherapeutische-gruppenintervention-fur-patienten-in-der-zweiten-lebenshalfte\/\">Weiterlesen <span class=\"meta-nav\">&rarr;<\/span><\/a><\/p>\n","protected":false},"author":1,"featured_media":0,"comment_status":"open","ping_status":"open","sticky":false,"template":"","format":"standard","meta":{"_jetpack_memberships_contains_paid_content":false,"footnotes":""},"categories":[21],"tags":[702,228,444,233,703],"class_list":["post-3288","post","type-post","status-publish","format-standard","hentry","category-zeitschriftenartikel","tag-40-plus","tag-belastung","tag-depressivitaet","tag-intervention","tag-zweite-lebenshalfte"],"jetpack_featured_media_url":"","jetpack_shortlink":"https:\/\/wp.me\/p1fMVY-R2","jetpack_sharing_enabled":true,"_links":{"self":[{"href":"https:\/\/www.psychologie-aktuell.info\/reha\/wp-json\/wp\/v2\/posts\/3288","targetHints":{"allow":["GET"]}}],"collection":[{"href":"https:\/\/www.psychologie-aktuell.info\/reha\/wp-json\/wp\/v2\/posts"}],"about":[{"href":"https:\/\/www.psychologie-aktuell.info\/reha\/wp-json\/wp\/v2\/types\/post"}],"author":[{"embeddable":true,"href":"https:\/\/www.psychologie-aktuell.info\/reha\/wp-json\/wp\/v2\/users\/1"}],"replies":[{"embeddable":true,"href":"https:\/\/www.psychologie-aktuell.info\/reha\/wp-json\/wp\/v2\/comments?post=3288"}],"version-history":[{"count":2,"href":"https:\/\/www.psychologie-aktuell.info\/reha\/wp-json\/wp\/v2\/posts\/3288\/revisions"}],"predecessor-version":[{"id":3304,"href":"https:\/\/www.psychologie-aktuell.info\/reha\/wp-json\/wp\/v2\/posts\/3288\/revisions\/3304"}],"wp:attachment":[{"href":"https:\/\/www.psychologie-aktuell.info\/reha\/wp-json\/wp\/v2\/media?parent=3288"}],"wp:term":[{"taxonomy":"category","embeddable":true,"href":"https:\/\/www.psychologie-aktuell.info\/reha\/wp-json\/wp\/v2\/categories?post=3288"},{"taxonomy":"post_tag","embeddable":true,"href":"https:\/\/www.psychologie-aktuell.info\/reha\/wp-json\/wp\/v2\/tags?post=3288"}],"curies":[{"name":"wp","href":"https:\/\/api.w.org\/{rel}","templated":true}]}}