{"id":33,"date":"2007-07-12T14:56:53","date_gmt":"2007-07-12T12:56:53","guid":{"rendered":"http:\/\/reha-psychologie.net\/reha\/?p=33"},"modified":"2008-07-19T17:12:39","modified_gmt":"2008-07-19T15:12:39","slug":"4-bundeskongress-fur-rehabilitation-und-teilhabe-7-8nov-2007-in-nurnberg","status":"publish","type":"post","link":"https:\/\/www.psychologie-aktuell.info\/reha\/2007\/07\/4-bundeskongress-fur-rehabilitation-und-teilhabe-7-8nov-2007-in-nurnberg\/","title":{"rendered":"4. Bundeskongress f\u00fcr Rehabilitation und Teilhabe 7.- 8.Nov. 2007 in N\u00fcrnberg"},"content":{"rendered":"<p>Die Bundesarbeitsgemeinschaft f\u00fcr Rehabilitation (BAR) f\u00fchrt zusammen mit der Bundesregierung und dem Freistaat Bayern den 4. Bundeskongress f\u00fcr Rehabilitation und Teilhabe vom 7. \u00e2\u20ac\u201c 8. November 2007 in N\u00fcrnberg durch.<\/p>\n<p>www.bundeskongress-bar.de<\/p>\n<p>Parallel zu dem 4. Bundeskongress findet die ConSozial 2007 \u00e2\u20ac\u201c Fachmesse und Kongress f\u00fcr den Sozialmarkt in Deutschland \u00e2\u20ac\u201c ebenfalls im Messezentrum N\u00fcrnberg statt. Beide Veranstaltungen bieten die Chance zu einem tr\u00e4ger-, berufs- und institutions\u00fcbergreifenden Austausch und zur Beratung wichtiger Impulse f\u00fcr die Weiterentwicklung der Rehabilitation und gesellschaftlichen Integration von Menschen mit Behinderungen.\u00c2\u00a0<!--more--><\/p>\n<p>Der Bundeskongress gliedert sich in drei thematische Schwerpunkte, in denen im Rahmen von Podiumsdiskussionen unter Beteiligung des Plenums zukunftsweisende Perspektiven der Rehabilitation und Teilhabe aufgezeigt werden.<strong> <\/strong><\/p>\n<p><strong>1. Teilhabe am Leben in der Gemeinschaft<\/strong><\/p>\n<p>In diesem thematischen Schwerpunkt werden die Ver\u00e4nderungen des mit dem SGB IX eingeleiteten Perspektivenwechsels er\u00f6rtert. Dabei sind die Auswirkungen der F\u00f6deralismusreform sowie des Gleichstellungsgesetzes und des Gleichbehandlungsgesetzes in Bezug auf die zuk\u00fcnftigen Integrationschancen von Menschen mit Behinderungen mit einzubeziehen.<\/p>\n<p><strong> 2. Medizinische Rehabilitation <\/strong><\/p>\n<p>In diesem Themenschwerpunkt werden vorrangig Fragen nach dem zuk\u00fcnftigen Stellenwert und der Ausrichtung der medizinischen Rehabilitation innerhalb der gesundheitlichen Versorgung aufgeworfen und Perspektiven aufgezeigt.\u00c2\u00a0 In diesem thematischen Schwerpunkt werden die Ver\u00e4nderungen des mit dem SGB IX eingeleiteten Perspektivenwechsels er\u00f6rtert. Dabei sind die Auswirkungen der F\u00f6deralismusreform sowie des Gleichstellungsgesetzes und des Gleichbehandlungsgesetzes in Bezug auf die zuk\u00fcnftigen Integrationschancen von Menschen mit Behinderungen mit einzubeziehen.<\/p>\n<p><strong>3. Teilhabe am Arbeitsleben <\/strong><\/p>\n<p>Dieser Themenkomplex beleuchtet die ver\u00e4nderten Rahmenbedingungen der Teilhabe am Arbeitsleben f\u00fcr Menschen mit Behinderungen und stellt zukunftsweisende Ans\u00e4tze der beruflichen Integration vor.\u00c2\u00a0Dieser Themenkomplex beleuchtet die ver\u00e4nderten Rahmenbedingungen der Teilhabe am Arbeitsleben f\u00fcr Menschen mit Behinderungen und stellt zukunftsweisende Ans\u00e4tze der beruflichen Integration vor.\u00c2\u00a0Dieser Themenkomplex beleuchtet die ver\u00e4nderten Rahmenbedingungen der Teilhabe am Arbeitsleben f\u00fcr Menschen mit Behinderungen und stellt zukunftsweisende Ans\u00e4tze der beruflichen Integration vor.<\/p>\n","protected":false},"excerpt":{"rendered":"<p>Die Bundesarbeitsgemeinschaft f\u00fcr Rehabilitation (BAR) f\u00fchrt zusammen mit der Bundesregierung und dem Freistaat Bayern den 4. Bundeskongress f\u00fcr Rehabilitation und Teilhabe vom 7. \u00e2\u20ac\u201c 8. November 2007 in N\u00fcrnberg durch. www.bundeskongress-bar.de Parallel zu dem 4. Bundeskongress findet die ConSozial 2007 &hellip; <a href=\"https:\/\/www.psychologie-aktuell.info\/reha\/2007\/07\/4-bundeskongress-fur-rehabilitation-und-teilhabe-7-8nov-2007-in-nurnberg\/\">Weiterlesen <span class=\"meta-nav\">&rarr;<\/span><\/a><\/p>\n","protected":false},"author":4,"featured_media":0,"comment_status":"open","ping_status":"open","sticky":false,"template":"","format":"standard","meta":{"_jetpack_memberships_contains_paid_content":false,"footnotes":""},"categories":[36],"tags":[],"class_list":["post-33","post","type-post","status-publish","format-standard","hentry","category-termine"],"jetpack_featured_media_url":"","jetpack_shortlink":"https:\/\/wp.me\/p1fMVY-x","jetpack_sharing_enabled":true,"_links":{"self":[{"href":"https:\/\/www.psychologie-aktuell.info\/reha\/wp-json\/wp\/v2\/posts\/33","targetHints":{"allow":["GET"]}}],"collection":[{"href":"https:\/\/www.psychologie-aktuell.info\/reha\/wp-json\/wp\/v2\/posts"}],"about":[{"href":"https:\/\/www.psychologie-aktuell.info\/reha\/wp-json\/wp\/v2\/types\/post"}],"author":[{"embeddable":true,"href":"https:\/\/www.psychologie-aktuell.info\/reha\/wp-json\/wp\/v2\/users\/4"}],"replies":[{"embeddable":true,"href":"https:\/\/www.psychologie-aktuell.info\/reha\/wp-json\/wp\/v2\/comments?post=33"}],"version-history":[{"count":0,"href":"https:\/\/www.psychologie-aktuell.info\/reha\/wp-json\/wp\/v2\/posts\/33\/revisions"}],"wp:attachment":[{"href":"https:\/\/www.psychologie-aktuell.info\/reha\/wp-json\/wp\/v2\/media?parent=33"}],"wp:term":[{"taxonomy":"category","embeddable":true,"href":"https:\/\/www.psychologie-aktuell.info\/reha\/wp-json\/wp\/v2\/categories?post=33"},{"taxonomy":"post_tag","embeddable":true,"href":"https:\/\/www.psychologie-aktuell.info\/reha\/wp-json\/wp\/v2\/tags?post=33"}],"curies":[{"name":"wp","href":"https:\/\/api.w.org\/{rel}","templated":true}]}}