{"id":335,"date":"2009-03-13T17:10:27","date_gmt":"2009-03-13T16:10:27","guid":{"rendered":"http:\/\/www.reha-psychologie.net\/reha\/?p=335"},"modified":"2009-03-13T17:11:36","modified_gmt":"2009-03-13T16:11:36","slug":"baden-wurttemberg-infos-fur-angestellte-psychotherapeuten","status":"publish","type":"post","link":"https:\/\/www.psychologie-aktuell.info\/reha\/2009\/03\/baden-wurttemberg-infos-fur-angestellte-psychotherapeuten\/","title":{"rendered":"Baden-W\u00fcrttemberg: Infos f\u00fcr Angestellte Psychotherapeuten"},"content":{"rendered":"<p>Der Ausschuss Psychotherapie in Institutionen hat ein <strong>Informationsblatt <\/strong>zum Beitritt der Kammer zum <strong>Versorgungswerk Nordrhein-Westfalen <\/strong>herausgegeben. Der Beitritt hat auch f\u00fcr die angestellten Psychotherapeuten Konsequenzen, die bei der Deutschen Rentenversicherung versichert sind. <strong>Gr\u00fcndungsmitglieder m\u00fcssen sich bis zum 30.06.2009 entscheiden<\/strong>, ob sie ins Versorgungswerk eintreten (wenn sie \u00fcber 40 Jahre alt sind) oder ob sie aus dem Versorgungswerk austreten (wenn sie bis 40 Jahre alt sind).<br \/>\n<a href=\"http:\/\/www.lpk-bw.de\/archiv\/news2009\/090312_versorgungswerk_2.html\" target=\"_blank\">Zur Infoseite der Kammer<\/a><\/p>\n","protected":false},"excerpt":{"rendered":"<p>Der Ausschuss Psychotherapie in Institutionen hat ein Informationsblatt zum Beitritt der Kammer zum Versorgungswerk Nordrhein-Westfalen herausgegeben. Der Beitritt hat auch f\u00fcr die angestellten Psychotherapeuten Konsequenzen, die bei der Deutschen Rentenversicherung versichert sind. Gr\u00fcndungsmitglieder m\u00fcssen sich bis zum 30.06.2009 entscheiden, ob &hellip; <a href=\"https:\/\/www.psychologie-aktuell.info\/reha\/2009\/03\/baden-wurttemberg-infos-fur-angestellte-psychotherapeuten\/\">Weiterlesen <span class=\"meta-nav\">&rarr;<\/span><\/a><\/p>\n","protected":false},"author":1,"featured_media":0,"comment_status":"open","ping_status":"open","sticky":false,"template":"","format":"standard","meta":{"_jetpack_memberships_contains_paid_content":false,"footnotes":""},"categories":[22,36],"tags":[],"class_list":["post-335","post","type-post","status-publish","format-standard","hentry","category-allgemein","category-termine"],"jetpack_featured_media_url":"","jetpack_shortlink":"https:\/\/wp.me\/p1fMVY-5p","jetpack_sharing_enabled":true,"_links":{"self":[{"href":"https:\/\/www.psychologie-aktuell.info\/reha\/wp-json\/wp\/v2\/posts\/335","targetHints":{"allow":["GET"]}}],"collection":[{"href":"https:\/\/www.psychologie-aktuell.info\/reha\/wp-json\/wp\/v2\/posts"}],"about":[{"href":"https:\/\/www.psychologie-aktuell.info\/reha\/wp-json\/wp\/v2\/types\/post"}],"author":[{"embeddable":true,"href":"https:\/\/www.psychologie-aktuell.info\/reha\/wp-json\/wp\/v2\/users\/1"}],"replies":[{"embeddable":true,"href":"https:\/\/www.psychologie-aktuell.info\/reha\/wp-json\/wp\/v2\/comments?post=335"}],"version-history":[{"count":2,"href":"https:\/\/www.psychologie-aktuell.info\/reha\/wp-json\/wp\/v2\/posts\/335\/revisions"}],"predecessor-version":[{"id":337,"href":"https:\/\/www.psychologie-aktuell.info\/reha\/wp-json\/wp\/v2\/posts\/335\/revisions\/337"}],"wp:attachment":[{"href":"https:\/\/www.psychologie-aktuell.info\/reha\/wp-json\/wp\/v2\/media?parent=335"}],"wp:term":[{"taxonomy":"category","embeddable":true,"href":"https:\/\/www.psychologie-aktuell.info\/reha\/wp-json\/wp\/v2\/categories?post=335"},{"taxonomy":"post_tag","embeddable":true,"href":"https:\/\/www.psychologie-aktuell.info\/reha\/wp-json\/wp\/v2\/tags?post=335"}],"curies":[{"name":"wp","href":"https:\/\/api.w.org\/{rel}","templated":true}]}}