{"id":3378,"date":"2011-03-09T10:02:47","date_gmt":"2011-03-09T09:02:47","guid":{"rendered":"http:\/\/www.psychologie-aktuell.info\/reha\/2011\/03\/kinder-psychisch-kranker-eltern-merkmale-elterlicher-psychiatrischer-erkrankung-und-gesundheit-der-kinder-aus-elternsicht\/"},"modified":"2011-03-09T09:43:54","modified_gmt":"2011-03-09T08:43:54","slug":"kinder-psychisch-kranker-eltern-merkmale-elterlicher-psychiatrischer-erkrankung-und-gesundheit-der-kinder-aus-elternsicht","status":"publish","type":"post","link":"https:\/\/www.psychologie-aktuell.info\/reha\/2011\/03\/kinder-psychisch-kranker-eltern-merkmale-elterlicher-psychiatrischer-erkrankung-und-gesundheit-der-kinder-aus-elternsicht\/","title":{"rendered":"Kinder psychisch kranker Eltern: Merkmale elterlicher psychiatrischer Erkrankung und Gesundheit der Kinder aus Elternsicht"},"content":{"rendered":"<blockquote><p><strong>S. Wiegand-Grefe 1, P. Geers 2, F. Petermann 2, A. Plass 1<\/strong><br \/>\n1 Kinder- und Jugendpsychiatrie, Universit\u00e4tsklinik Hamburg-Eppendorf<br \/>\n2 Zentrum f\u00fcr Klinische Psychologie und Rehabilitation, Universit\u00e4t Bremen<\/p>\n<p>Kinder psychisch kranker Eltern sind als Risikogruppe f\u00fcr die Entwicklung eigener psychischer Erkrankungen bekannt. In der Arbeit werden Zusammenh\u00e4nge zwischen der elterlichen psychiatrischen Diagnose sowie dem Schweregrad, der Komorbidit\u00e4t und der Chronizit\u00e4t als unspezifische Erkrankungsmerkmale sowie der Expositionsdauer und den psychischen Auff\u00e4lligkeiten der Kinder untersucht. Die psychischen Auff\u00e4lligkeiten der Kinder von 62 station\u00e4r psychiatrisch behandelten Eltern werden aus Elternsicht (CBCL), die elterlichen Diagnosen (ICD-10), die Komorbidit\u00e4t und der Schweregrad (CGI) im Arzturteil erfasst.<!--more-->Kinder von Eltern mit Pers\u00f6nlichkeitsst\u00f6rungen (PKS) sind am auff\u00e4lligsten, Kinder suchtkranker Eltern am unauff\u00e4lligsten. Zwischen den unspezifischen Merkmalen der elterlichen Erkrankung wie Schweregrad, Chronizit\u00e4t und Komorbidit\u00e4t sowie der Auff\u00e4lligkeit der Kinder finden sich keine Zusammenh\u00e4nge. Zwischen der Expositionsdauer und der Auff\u00e4lligkeit ergibt sich ein gegenl\u00e4ufiger Zusammenhang: Je l\u00e4nger die Kinder der Erkrankung ausgesetzt sind, desto weniger auff\u00e4llig werden sie eingesch\u00e4tzt. Die Ergebnisse unterstreichen die Notwendigkeit von Pr\u00e4ventionen, vor allem f\u00fcr Kinder von Eltern mit Pers\u00f6nlichkeitsst\u00f6rungen. Au\u00dferdem wird die Notwendigkeit externer Einsch\u00e4tzungen der Kinder deutlich, vor allem bei Eltern mit mangelnder Krankheitseinsicht.<\/p><\/blockquote>\n<p>Quelle: <a href=\"https:\/\/www.thieme-connect.com\/ejournals\/abstract\/fdn\/doi\/10.1055\/s-0029-1245623\">Thieme eJournals &#8211; Abstract<\/a><\/p>\n","protected":false},"excerpt":{"rendered":"<p>S. Wiegand-Grefe 1, P. Geers 2, F. Petermann 2, A. Plass 1 1 Kinder- und Jugendpsychiatrie, Universit\u00e4tsklinik Hamburg-Eppendorf 2 Zentrum f\u00fcr Klinische Psychologie und Rehabilitation, Universit\u00e4t Bremen Kinder psychisch kranker Eltern sind als Risikogruppe f\u00fcr die Entwicklung eigener psychischer Erkrankungen &hellip; <a href=\"https:\/\/www.psychologie-aktuell.info\/reha\/2011\/03\/kinder-psychisch-kranker-eltern-merkmale-elterlicher-psychiatrischer-erkrankung-und-gesundheit-der-kinder-aus-elternsicht\/\">Weiterlesen <span class=\"meta-nav\">&rarr;<\/span><\/a><\/p>\n","protected":false},"author":1,"featured_media":0,"comment_status":"open","ping_status":"open","sticky":false,"template":"","format":"standard","meta":{"_jetpack_memberships_contains_paid_content":false,"footnotes":""},"categories":[21],"tags":[630,631,205,322,39,606,673],"class_list":["post-3378","post","type-post","status-publish","format-standard","hentry","category-zeitschriftenartikel","tag-eltern","tag-kind","tag-komorbiditaet","tag-persoenlichkeitsstoerung","tag-pravention","tag-psychiatrie","tag-psychisch-krank"],"jetpack_featured_media_url":"","jetpack_shortlink":"https:\/\/wp.me\/p1fMVY-Su","jetpack_sharing_enabled":true,"_links":{"self":[{"href":"https:\/\/www.psychologie-aktuell.info\/reha\/wp-json\/wp\/v2\/posts\/3378","targetHints":{"allow":["GET"]}}],"collection":[{"href":"https:\/\/www.psychologie-aktuell.info\/reha\/wp-json\/wp\/v2\/posts"}],"about":[{"href":"https:\/\/www.psychologie-aktuell.info\/reha\/wp-json\/wp\/v2\/types\/post"}],"author":[{"embeddable":true,"href":"https:\/\/www.psychologie-aktuell.info\/reha\/wp-json\/wp\/v2\/users\/1"}],"replies":[{"embeddable":true,"href":"https:\/\/www.psychologie-aktuell.info\/reha\/wp-json\/wp\/v2\/comments?post=3378"}],"version-history":[{"count":3,"href":"https:\/\/www.psychologie-aktuell.info\/reha\/wp-json\/wp\/v2\/posts\/3378\/revisions"}],"predecessor-version":[{"id":3511,"href":"https:\/\/www.psychologie-aktuell.info\/reha\/wp-json\/wp\/v2\/posts\/3378\/revisions\/3511"}],"wp:attachment":[{"href":"https:\/\/www.psychologie-aktuell.info\/reha\/wp-json\/wp\/v2\/media?parent=3378"}],"wp:term":[{"taxonomy":"category","embeddable":true,"href":"https:\/\/www.psychologie-aktuell.info\/reha\/wp-json\/wp\/v2\/categories?post=3378"},{"taxonomy":"post_tag","embeddable":true,"href":"https:\/\/www.psychologie-aktuell.info\/reha\/wp-json\/wp\/v2\/tags?post=3378"}],"curies":[{"name":"wp","href":"https:\/\/api.w.org\/{rel}","templated":true}]}}