{"id":3414,"date":"2011-02-13T20:10:32","date_gmt":"2011-02-13T19:10:32","guid":{"rendered":"http:\/\/www.psychologie-aktuell.info\/reha\/?p=3414"},"modified":"2011-02-13T20:00:09","modified_gmt":"2011-02-13T19:00:09","slug":"zur-psychotherapie-sozialer-angste","status":"publish","type":"post","link":"https:\/\/www.psychologie-aktuell.info\/reha\/2011\/02\/zur-psychotherapie-sozialer-angste\/","title":{"rendered":"Zur Psychotherapie sozialer \u00c4ngste"},"content":{"rendered":"<blockquote><p><strong>Ulrike Willutzki, Tobias Teismann, Dietmar Schulte<\/strong><\/p>\n<p>Obwohl bekannt ist, dass Soziale Angstst\u00f6rungen mit geringem Wohlbefinden assoziiert sind, gibt es nur wenige Studien zur Auswirkung symptombezogener Behandlungen auf die Verbesserung des Wohlbefindens.<br \/>\nInwieweit verbessert sich durch eine Psychotherapie das Wohlbefinden von Patienten mit sozialen \u00c4ngsten? <!--more-->Tr\u00e4gt ein kombiniert ressourcenorientiertes therapeutisches Vorgehen (KROT) st\u00e4rker zur Verbesserung des Wohlbefindens bei als ein fokal kognitiv-verhaltenstherapeutisches Therapieangebot (KVT)? Methode: In einer randomisiert-kontrollierten Studie zur Psychotherapie sozialer \u00c4ngste (N = 62) wurde mittels abh\u00e4ngiger Varianzanalysen die Auswirkung einer KVT- und einer KROT-Behandlung auf Optimismus, Koh\u00e4renzgef\u00fchl, Selbstakzeptierung und Lebenszufriedenheit untersucht.<br \/>\nInsgesamt kam es in beiden Behandlungsbedingungen zu einer signifikanten Zunahme von Optimismus, Selbstakzeptanz und Koh\u00e4renzempfinden sowie einer Abnahme von Pessimismus. Die Lebenszufriedenheit wurde durch die KROT-Behandlung in st\u00e4rkerem Ma\u00dfe gef\u00f6rdert als durch die KVT-Behandlung.<br \/>\nSt\u00f6rungsspezifische Behandlungskonzepte scheinen nicht ausschlie\u00dflich symptombezogene Verbesserungen zu erzielen, sondern dar\u00fcber hinaus Wohlbefinden zu f\u00f6rdern.<\/p><\/blockquote>\n<p>Quelle: <a href=\"http:\/\/psycontent.metapress.com\/content\/2404705124286589\/\">PsyCONTENT &#8211; Zeitschriftenbeitrag<\/a><\/p>\n","protected":false},"excerpt":{"rendered":"<p>Ulrike Willutzki, Tobias Teismann, Dietmar Schulte Obwohl bekannt ist, dass Soziale Angstst\u00f6rungen mit geringem Wohlbefinden assoziiert sind, gibt es nur wenige Studien zur Auswirkung symptombezogener Behandlungen auf die Verbesserung des Wohlbefindens. Inwieweit verbessert sich durch eine Psychotherapie das Wohlbefinden von &hellip; <a href=\"https:\/\/www.psychologie-aktuell.info\/reha\/2011\/02\/zur-psychotherapie-sozialer-angste\/\">Weiterlesen <span class=\"meta-nav\">&rarr;<\/span><\/a><\/p>\n","protected":false},"author":1,"featured_media":0,"comment_status":"open","ping_status":"open","sticky":false,"template":"","format":"standard","meta":{"_jetpack_memberships_contains_paid_content":false,"footnotes":""},"categories":[21],"tags":[182,720,171],"class_list":["post-3414","post","type-post","status-publish","format-standard","hentry","category-zeitschriftenartikel","tag-angst","tag-angststorung","tag-behandlungskonzepte"],"jetpack_featured_media_url":"","jetpack_shortlink":"https:\/\/wp.me\/p1fMVY-T4","jetpack_sharing_enabled":true,"_links":{"self":[{"href":"https:\/\/www.psychologie-aktuell.info\/reha\/wp-json\/wp\/v2\/posts\/3414","targetHints":{"allow":["GET"]}}],"collection":[{"href":"https:\/\/www.psychologie-aktuell.info\/reha\/wp-json\/wp\/v2\/posts"}],"about":[{"href":"https:\/\/www.psychologie-aktuell.info\/reha\/wp-json\/wp\/v2\/types\/post"}],"author":[{"embeddable":true,"href":"https:\/\/www.psychologie-aktuell.info\/reha\/wp-json\/wp\/v2\/users\/1"}],"replies":[{"embeddable":true,"href":"https:\/\/www.psychologie-aktuell.info\/reha\/wp-json\/wp\/v2\/comments?post=3414"}],"version-history":[{"count":1,"href":"https:\/\/www.psychologie-aktuell.info\/reha\/wp-json\/wp\/v2\/posts\/3414\/revisions"}],"predecessor-version":[{"id":3424,"href":"https:\/\/www.psychologie-aktuell.info\/reha\/wp-json\/wp\/v2\/posts\/3414\/revisions\/3424"}],"wp:attachment":[{"href":"https:\/\/www.psychologie-aktuell.info\/reha\/wp-json\/wp\/v2\/media?parent=3414"}],"wp:term":[{"taxonomy":"category","embeddable":true,"href":"https:\/\/www.psychologie-aktuell.info\/reha\/wp-json\/wp\/v2\/categories?post=3414"},{"taxonomy":"post_tag","embeddable":true,"href":"https:\/\/www.psychologie-aktuell.info\/reha\/wp-json\/wp\/v2\/tags?post=3414"}],"curies":[{"name":"wp","href":"https:\/\/api.w.org\/{rel}","templated":true}]}}