{"id":3470,"date":"2011-02-28T08:27:24","date_gmt":"2011-02-28T07:27:24","guid":{"rendered":"http:\/\/www.psychologie-aktuell.info\/reha\/?p=3470"},"modified":"2011-02-26T22:13:42","modified_gmt":"2011-02-26T21:13:42","slug":"berufliche-gratifikationskrisen-und-depressive-storungen","status":"publish","type":"post","link":"https:\/\/www.psychologie-aktuell.info\/reha\/2011\/02\/berufliche-gratifikationskrisen-und-depressive-storungen\/","title":{"rendered":"Berufliche Gratifikationskrisen und depressive St\u00f6rungen"},"content":{"rendered":"<blockquote><p><strong>Johannes Siegrist<\/strong><\/p>\n<p>Der Beitrag gibt einen konzentrierten \u00dcberblick \u00fcber den aktuellen Stand der Forschung zum Einfluss chronischer Stressbelastung am Arbeitsplatz, gemessen anhand des Modells beruflicher Gratifikationskrisen, auf das Risiko der Entwicklung depressiver St\u00f6rungen. Neben Effektst\u00e4rken aus prospektiven epidemiologischen Studien, die im Mittel eine Verdoppelung des relativen Erkrankungsrisikos bei entsprechender Exposition belegen, werden auch experimentelle Befunde <!--more-->zu m\u00f6glichen psychobiologischen Bindegliedern angef\u00fchrt. Angesichts vorliegender Evidenz stellt sich die Frage nach praktischen Folgerungen aus diesen Erkenntnissen f\u00fcr die prim\u00e4re und sekund\u00e4re Pr\u00e4vention. Abschlie\u00dfend werden auf drei Ebenen konkrete Ma\u00dfnahmen aus dem theoretischen Modell abgeleitet, und es wird auf die Herausforderungen hingewiesen, die sich f\u00fcr Unternehmen und f\u00fcr Therapeuten bez\u00fcglich einer optimierten beruflichen Wiedereingliederung von an Depression erkrankten Besch\u00e4ftigten ergeben.<\/p><\/blockquote>\n<p>Quelle: <a href=\"http:\/\/www.springerlink.com\/content\/c362467p70564381\/\">SpringerLink &#8211; Psychotherapeut, Volume 56, Number 1<\/a><\/p>\n","protected":false},"excerpt":{"rendered":"<p>Johannes Siegrist Der Beitrag gibt einen konzentrierten \u00dcberblick \u00fcber den aktuellen Stand der Forschung zum Einfluss chronischer Stressbelastung am Arbeitsplatz, gemessen anhand des Modells beruflicher Gratifikationskrisen, auf das Risiko der Entwicklung depressiver St\u00f6rungen. Neben Effektst\u00e4rken aus prospektiven epidemiologischen Studien, die &hellip; <a href=\"https:\/\/www.psychologie-aktuell.info\/reha\/2011\/02\/berufliche-gratifikationskrisen-und-depressive-storungen\/\">Weiterlesen <span class=\"meta-nav\">&rarr;<\/span><\/a><\/p>\n","protected":false},"author":1,"featured_media":0,"comment_status":"closed","ping_status":"closed","sticky":false,"template":"","format":"standard","meta":{"_jetpack_memberships_contains_paid_content":false,"footnotes":""},"categories":[21],"tags":[],"class_list":["post-3470","post","type-post","status-publish","format-standard","hentry","category-zeitschriftenartikel"],"jetpack_featured_media_url":"","jetpack_shortlink":"https:\/\/wp.me\/p1fMVY-TY","jetpack_sharing_enabled":true,"_links":{"self":[{"href":"https:\/\/www.psychologie-aktuell.info\/reha\/wp-json\/wp\/v2\/posts\/3470","targetHints":{"allow":["GET"]}}],"collection":[{"href":"https:\/\/www.psychologie-aktuell.info\/reha\/wp-json\/wp\/v2\/posts"}],"about":[{"href":"https:\/\/www.psychologie-aktuell.info\/reha\/wp-json\/wp\/v2\/types\/post"}],"author":[{"embeddable":true,"href":"https:\/\/www.psychologie-aktuell.info\/reha\/wp-json\/wp\/v2\/users\/1"}],"replies":[{"embeddable":true,"href":"https:\/\/www.psychologie-aktuell.info\/reha\/wp-json\/wp\/v2\/comments?post=3470"}],"version-history":[{"count":1,"href":"https:\/\/www.psychologie-aktuell.info\/reha\/wp-json\/wp\/v2\/posts\/3470\/revisions"}],"predecessor-version":[{"id":3478,"href":"https:\/\/www.psychologie-aktuell.info\/reha\/wp-json\/wp\/v2\/posts\/3470\/revisions\/3478"}],"wp:attachment":[{"href":"https:\/\/www.psychologie-aktuell.info\/reha\/wp-json\/wp\/v2\/media?parent=3470"}],"wp:term":[{"taxonomy":"category","embeddable":true,"href":"https:\/\/www.psychologie-aktuell.info\/reha\/wp-json\/wp\/v2\/categories?post=3470"},{"taxonomy":"post_tag","embeddable":true,"href":"https:\/\/www.psychologie-aktuell.info\/reha\/wp-json\/wp\/v2\/tags?post=3470"}],"curies":[{"name":"wp","href":"https:\/\/api.w.org\/{rel}","templated":true}]}}