{"id":348,"date":"2009-04-09T17:27:00","date_gmt":"2009-04-09T16:27:00","guid":{"rendered":"http:\/\/www.reha-psychologie.net\/reha\/2009\/04\/vbg-neue-themenseite-stresspravention\/"},"modified":"2010-10-26T11:59:06","modified_gmt":"2010-10-26T09:59:06","slug":"vbg-neue-themenseite-stresspravention","status":"publish","type":"post","link":"https:\/\/www.psychologie-aktuell.info\/reha\/2009\/04\/vbg-neue-themenseite-stresspravention\/","title":{"rendered":"VBG &#8211; Neue Themenseite Stresspr\u00e4vention"},"content":{"rendered":"<blockquote><p>1. Stress am Arbeitsplatz wird mittlerweile als allt\u00e4gliches Ph\u00e4nomen wahrgenommen. In der modernen Arbeitswelt ver\u00e4ndern sich die Anforderungen an Unternehmen und Besch\u00e4ftigte. Das erfordert neue Wege der Arbeitsorganisation und der Kompetenzentwicklung. Stressmanagement setzt deshalb bei der Organisation sowie bei den Kompetenzen von F\u00fchrungskr\u00e4ften und Besch\u00e4ftigten an.<\/p>\n<p><a href=\"http:\/\/www.vbg.de\/stresspraevention\/\" target=\"_blank\">Aktiv Ressourcen nutzen: Vom richtigen Umgang mit Stress<\/a><\/p>\n<p>2. Mit dem Programm &#8222;R\u00fcckenpr\u00e4vention oder Mein Schweinehund und ich&#8220; werden alle &#8222;R\u00fcckenbesitzer&#8220; angeregt, sich im Alltag r\u00fcckenfreundlich zu verhalten und somit aktiv dazu beizutragen, ihre R\u00fcckengesundheit zu erhalten. Das Programm ist auch f\u00fcr die gezielte Gesundheitsf\u00f6rderung im Betrieb geeignet.<\/p>\n<p><a href=\"http:\/\/www.vbg.de\/wbt\/ruecken\/\" target=\"_blank\">Online-Version <\/a>mit Sprachanleitung und interaktiven Inhalten u.a. auch zum Thema Stress.<\/p><\/blockquote>\n<p>Quelle: <a href=\"http:\/\/www.vbg.de\/praevention\/praeventionsleistungen\/Stresspraevention.html\" target=\"_blank\">VBG &#8211; Gesetzliche Unfallversicherung<\/a><br \/>\n<a href=\"http:\/\/www.vbg.de\/wbt\/ruecken\/\" target=\"_blank\"><br \/>\n<\/a><\/p>\n","protected":false},"excerpt":{"rendered":"<p>1. Stress am Arbeitsplatz wird mittlerweile als allt\u00e4gliches Ph\u00e4nomen wahrgenommen. In der modernen Arbeitswelt ver\u00e4ndern sich die Anforderungen an Unternehmen und Besch\u00e4ftigte. Das erfordert neue Wege der Arbeitsorganisation und der Kompetenzentwicklung. Stressmanagement setzt deshalb bei der Organisation sowie bei den &hellip; <a href=\"https:\/\/www.psychologie-aktuell.info\/reha\/2009\/04\/vbg-neue-themenseite-stresspravention\/\">Weiterlesen <span class=\"meta-nav\">&rarr;<\/span><\/a><\/p>\n","protected":false},"author":1,"featured_media":0,"comment_status":"open","ping_status":"open","sticky":false,"template":"","format":"standard","meta":{"_jetpack_memberships_contains_paid_content":false,"footnotes":""},"categories":[21],"tags":[29,243,240,39,196,242],"class_list":["post-348","post","type-post","status-publish","format-standard","hentry","category-zeitschriftenartikel","tag-arbeit-beruf","tag-burnout","tag-orthopaedie","tag-pravention","tag-schmerzen","tag-stress"],"jetpack_featured_media_url":"","jetpack_shortlink":"https:\/\/wp.me\/p1fMVY-5C","jetpack_sharing_enabled":true,"_links":{"self":[{"href":"https:\/\/www.psychologie-aktuell.info\/reha\/wp-json\/wp\/v2\/posts\/348","targetHints":{"allow":["GET"]}}],"collection":[{"href":"https:\/\/www.psychologie-aktuell.info\/reha\/wp-json\/wp\/v2\/posts"}],"about":[{"href":"https:\/\/www.psychologie-aktuell.info\/reha\/wp-json\/wp\/v2\/types\/post"}],"author":[{"embeddable":true,"href":"https:\/\/www.psychologie-aktuell.info\/reha\/wp-json\/wp\/v2\/users\/1"}],"replies":[{"embeddable":true,"href":"https:\/\/www.psychologie-aktuell.info\/reha\/wp-json\/wp\/v2\/comments?post=348"}],"version-history":[{"count":4,"href":"https:\/\/www.psychologie-aktuell.info\/reha\/wp-json\/wp\/v2\/posts\/348\/revisions"}],"predecessor-version":[{"id":2655,"href":"https:\/\/www.psychologie-aktuell.info\/reha\/wp-json\/wp\/v2\/posts\/348\/revisions\/2655"}],"wp:attachment":[{"href":"https:\/\/www.psychologie-aktuell.info\/reha\/wp-json\/wp\/v2\/media?parent=348"}],"wp:term":[{"taxonomy":"category","embeddable":true,"href":"https:\/\/www.psychologie-aktuell.info\/reha\/wp-json\/wp\/v2\/categories?post=348"},{"taxonomy":"post_tag","embeddable":true,"href":"https:\/\/www.psychologie-aktuell.info\/reha\/wp-json\/wp\/v2\/tags?post=348"}],"curies":[{"name":"wp","href":"https:\/\/api.w.org\/{rel}","templated":true}]}}