{"id":3526,"date":"2011-03-25T07:15:05","date_gmt":"2011-03-25T06:15:05","guid":{"rendered":"http:\/\/www.psychologie-aktuell.info\/reha\/?p=3526"},"modified":"2011-03-17T09:44:58","modified_gmt":"2011-03-17T08:44:58","slug":"berufliche-teilhabe-von-neurologischen-rehabilitanden-langzeitergebnisse-eines-medizinisch-beruflichen-rehabilitationszentrums-phase-ii","status":"publish","type":"post","link":"https:\/\/www.psychologie-aktuell.info\/reha\/2011\/03\/berufliche-teilhabe-von-neurologischen-rehabilitanden-langzeitergebnisse-eines-medizinisch-beruflichen-rehabilitationszentrums-phase-ii\/","title":{"rendered":"Berufliche Teilhabe von neurologischen Rehabilitanden &#8211; Langzeitergebnisse eines medizinisch-beruflichen Rehabilitationszentrums (Phase II)"},"content":{"rendered":"<blockquote><p><strong>J. D. Rollnik 1, J. Allmann 1<\/strong><br \/>\n1 Institut f\u00fcr neurorehabilitative Forschung (InFo) der BDH-Klinik Hessisch Oldendorf, Akademisches Lehrkrankenhaus der Medizinischen Hochschule Hannover<\/p>\n<p>Die medizinisch-berufliche Rehabilitation (Phase II) stellt bei neurologischen und neurochirurgischen Patienten einen wichtigen Bestandteil der Rehabilitationskette dar. In der Studie wurden Outcome-Daten von n=237 ehemaligen Rehabilitanden (Durchschnittsalter 38,3 Jahre) analysiert. <!--more-->Es handelte sich \u00fcberwiegend um Sch\u00e4del-Hirn-Traumatisierte. Die Rehabilitation lag im Mittel ca. 7 Jahre zur\u00fcck (Median: 6,9 Jahre), seit dem Erkrankungsdatum waren im Mittel 9,7 Jahre verstrichen (Median: 9,0 Jahre). Zum Befragungszeitpunkt waren ca. 60% der ehemaligen Rehabilitanden dem ersten Arbeitsmarkt zuzuordnen, d. h., sie waren berufst\u00e4tig (35%), arbeitssuchend (9,3%) oder befanden sich in einer Ausbildung, Umschulung (13,5%) bzw. Integrationsma\u00dfnahme (2,1%). Positive Pr\u00e4diktoren einer erfolgreichen beruflichen Teilhabe waren niedriges Lebensalter und hoher Bildungsabschluss. Es handelt sich zwar um eine nicht-kontrollierte Studie, dennoch leisten die Daten einen Beitrag zur Evidenzbasierung medizinisch-beruflicher Rehabilitationsma\u00dfnahmen. Weitere multizentrische Studien w\u00e4ren w\u00fcnschenswert.<\/p><\/blockquote>\n<p>Quelle: <a href=\"https:\/\/www.thieme-connect.de\/DOI\/DOI?10.1055\/s-0030-1254131\">Thieme eJournals &#8211; Abstract<\/a><\/p>\n","protected":false},"excerpt":{"rendered":"<p>J. D. Rollnik 1, J. Allmann 1 1 Institut f\u00fcr neurorehabilitative Forschung (InFo) der BDH-Klinik Hessisch Oldendorf, Akademisches Lehrkrankenhaus der Medizinischen Hochschule Hannover Die medizinisch-berufliche Rehabilitation (Phase II) stellt bei neurologischen und neurochirurgischen Patienten einen wichtigen Bestandteil der Rehabilitationskette dar. &hellip; <a href=\"https:\/\/www.psychologie-aktuell.info\/reha\/2011\/03\/berufliche-teilhabe-von-neurologischen-rehabilitanden-langzeitergebnisse-eines-medizinisch-beruflichen-rehabilitationszentrums-phase-ii\/\">Weiterlesen <span class=\"meta-nav\">&rarr;<\/span><\/a><\/p>\n","protected":false},"author":1,"featured_media":0,"comment_status":"closed","ping_status":"closed","sticky":false,"template":"","format":"standard","meta":{"_jetpack_memberships_contains_paid_content":false,"footnotes":""},"categories":[21],"tags":[147,684,264,748,749],"class_list":["post-3526","post","type-post","status-publish","format-standard","hentry","category-zeitschriftenartikel","tag-berufliche-rehabilitation","tag-langzeitergebnis","tag-neurologie","tag-phase-ii","tag-schadel-hirn-trauma"],"jetpack_featured_media_url":"","jetpack_shortlink":"https:\/\/wp.me\/p1fMVY-US","jetpack_sharing_enabled":true,"_links":{"self":[{"href":"https:\/\/www.psychologie-aktuell.info\/reha\/wp-json\/wp\/v2\/posts\/3526","targetHints":{"allow":["GET"]}}],"collection":[{"href":"https:\/\/www.psychologie-aktuell.info\/reha\/wp-json\/wp\/v2\/posts"}],"about":[{"href":"https:\/\/www.psychologie-aktuell.info\/reha\/wp-json\/wp\/v2\/types\/post"}],"author":[{"embeddable":true,"href":"https:\/\/www.psychologie-aktuell.info\/reha\/wp-json\/wp\/v2\/users\/1"}],"replies":[{"embeddable":true,"href":"https:\/\/www.psychologie-aktuell.info\/reha\/wp-json\/wp\/v2\/comments?post=3526"}],"version-history":[{"count":1,"href":"https:\/\/www.psychologie-aktuell.info\/reha\/wp-json\/wp\/v2\/posts\/3526\/revisions"}],"predecessor-version":[{"id":3577,"href":"https:\/\/www.psychologie-aktuell.info\/reha\/wp-json\/wp\/v2\/posts\/3526\/revisions\/3577"}],"wp:attachment":[{"href":"https:\/\/www.psychologie-aktuell.info\/reha\/wp-json\/wp\/v2\/media?parent=3526"}],"wp:term":[{"taxonomy":"category","embeddable":true,"href":"https:\/\/www.psychologie-aktuell.info\/reha\/wp-json\/wp\/v2\/categories?post=3526"},{"taxonomy":"post_tag","embeddable":true,"href":"https:\/\/www.psychologie-aktuell.info\/reha\/wp-json\/wp\/v2\/tags?post=3526"}],"curies":[{"name":"wp","href":"https:\/\/api.w.org\/{rel}","templated":true}]}}