{"id":3528,"date":"2011-04-08T07:16:13","date_gmt":"2011-04-08T05:16:13","guid":{"rendered":"http:\/\/www.psychologie-aktuell.info\/reha\/?p=3528"},"modified":"2011-04-03T10:56:21","modified_gmt":"2011-04-03T08:56:21","slug":"freiburg-bundnis-gegen-depression-gegrundet","status":"publish","type":"post","link":"https:\/\/www.psychologie-aktuell.info\/reha\/2011\/04\/freiburg-bundnis-gegen-depression-gegrundet\/","title":{"rendered":"Freiburg: B\u00fcndnis gegen Depression gegr\u00fcndet"},"content":{"rendered":"<blockquote><p>Ein \u201eB\u00fcndnis gegen Depression\u201c haben das Universit\u00e4tsklinikum, die Albert Ludwig Universit\u00e4t und die Stadt Freiburg gegr\u00fcndet. Ziel ist die Aufkl\u00e4rung der \u00d6ffentlichkeit und eine verbesserte Versorgung Betroffener.<!--more-->\u201eHaus\u00e4rzte erkennen die Depression oft nicht, weil die Patientinnen und Patienten zun\u00e4chst \u00fcber k\u00f6rperliche Beschwerden klagen. Das hei\u00dft, die depressive St\u00f6rung ist quasi hinter den damit verbundenen k\u00f6rperlichen Symptomen versteckt\u201c, sagte Mathias Berger, Direktor der Klinik f\u00fcr Psychiatrie und Psychotherapie.<\/p><\/blockquote>\n<p>Quelle: <a href=\"http:\/\/www.aerzteblatt.de\/v4\/news\/news.asp?id=44991\">Deutsches \u00c4rzteblatt: Nachrichten &#8222;Freiburg: B\u00fcndnis gegen Depression gegr\u00fcndet&#8220;<\/a><\/p>\n","protected":false},"excerpt":{"rendered":"<p>Ein \u201eB\u00fcndnis gegen Depression\u201c haben das Universit\u00e4tsklinikum, die Albert Ludwig Universit\u00e4t und die Stadt Freiburg gegr\u00fcndet. Ziel ist die Aufkl\u00e4rung der \u00d6ffentlichkeit und eine verbesserte Versorgung Betroffener.<\/p>\n","protected":false},"author":1,"featured_media":0,"comment_status":"closed","ping_status":"closed","sticky":false,"template":"","format":"standard","meta":{"_jetpack_memberships_contains_paid_content":false,"footnotes":""},"categories":[21],"tags":[32,753],"class_list":["post-3528","post","type-post","status-publish","format-standard","hentry","category-zeitschriftenartikel","tag-depression","tag-freiburg"],"jetpack_featured_media_url":"","jetpack_shortlink":"https:\/\/wp.me\/p1fMVY-UU","jetpack_sharing_enabled":true,"_links":{"self":[{"href":"https:\/\/www.psychologie-aktuell.info\/reha\/wp-json\/wp\/v2\/posts\/3528","targetHints":{"allow":["GET"]}}],"collection":[{"href":"https:\/\/www.psychologie-aktuell.info\/reha\/wp-json\/wp\/v2\/posts"}],"about":[{"href":"https:\/\/www.psychologie-aktuell.info\/reha\/wp-json\/wp\/v2\/types\/post"}],"author":[{"embeddable":true,"href":"https:\/\/www.psychologie-aktuell.info\/reha\/wp-json\/wp\/v2\/users\/1"}],"replies":[{"embeddable":true,"href":"https:\/\/www.psychologie-aktuell.info\/reha\/wp-json\/wp\/v2\/comments?post=3528"}],"version-history":[{"count":1,"href":"https:\/\/www.psychologie-aktuell.info\/reha\/wp-json\/wp\/v2\/posts\/3528\/revisions"}],"predecessor-version":[{"id":3611,"href":"https:\/\/www.psychologie-aktuell.info\/reha\/wp-json\/wp\/v2\/posts\/3528\/revisions\/3611"}],"wp:attachment":[{"href":"https:\/\/www.psychologie-aktuell.info\/reha\/wp-json\/wp\/v2\/media?parent=3528"}],"wp:term":[{"taxonomy":"category","embeddable":true,"href":"https:\/\/www.psychologie-aktuell.info\/reha\/wp-json\/wp\/v2\/categories?post=3528"},{"taxonomy":"post_tag","embeddable":true,"href":"https:\/\/www.psychologie-aktuell.info\/reha\/wp-json\/wp\/v2\/tags?post=3528"}],"curies":[{"name":"wp","href":"https:\/\/api.w.org\/{rel}","templated":true}]}}