{"id":3530,"date":"2011-03-11T20:18:13","date_gmt":"2011-03-11T19:18:13","guid":{"rendered":"http:\/\/www.psychologie-aktuell.info\/reha\/?p=3530"},"modified":"2011-03-11T21:00:16","modified_gmt":"2011-03-11T20:00:16","slug":"schlafstorung-beeintrachtigt-die-gedachtnisbildung","status":"publish","type":"post","link":"https:\/\/www.psychologie-aktuell.info\/reha\/2011\/03\/schlafstorung-beeintrachtigt-die-gedachtnisbildung\/","title":{"rendered":"Schlafst\u00f6rung beeintr\u00e4chtigt die Ged\u00e4chtnisbildung"},"content":{"rendered":"<blockquote><p>Ein gesunder Schlaf beg\u00fcnstigt Studiendaten zufolge Lernen und Ged\u00e4chtnisbildung. Dieser Prozess der schlafgebundenen Ged\u00e4chtniskonsolidierung ist bei Patienten mit prim\u00e4rer Insomnie offenbar gest\u00f6rt, wie ein Forscherteam von der Universit\u00e4t Freiburg herausgefunden hat.<\/p><\/blockquote>\n<p>Quelle: <a href=\"http:\/\/www.aerztezeitung.de\/medizin\/krankheiten\/neuro-psychiatrische_krankheiten\/schlafstoerungen\/article\/644385\/schlafstoerung-beeintraechtigt-gedaechtnisbildung.html\">Schlafst\u00f6rung beeintr\u00e4chtigt die Ged\u00e4chtnisbildung<\/a><\/p>\n","protected":false},"excerpt":{"rendered":"<p>Ein gesunder Schlaf beg\u00fcnstigt Studiendaten zufolge Lernen und Ged\u00e4chtnisbildung. Dieser Prozess der schlafgebundenen Ged\u00e4chtniskonsolidierung ist bei Patienten mit prim\u00e4rer Insomnie offenbar gest\u00f6rt, wie ein Forscherteam von der Universit\u00e4t Freiburg herausgefunden hat. Quelle: Schlafst\u00f6rung beeintr\u00e4chtigt die Ged\u00e4chtnisbildung<\/p>\n","protected":false},"author":1,"featured_media":0,"comment_status":"closed","ping_status":"closed","sticky":false,"template":"","format":"standard","meta":{"_jetpack_memberships_contains_paid_content":false,"footnotes":""},"categories":[21],"tags":[91,736],"class_list":["post-3530","post","type-post","status-publish","format-standard","hentry","category-zeitschriftenartikel","tag-gedachtnis","tag-schlafstorung"],"jetpack_featured_media_url":"","jetpack_shortlink":"https:\/\/wp.me\/p1fMVY-UW","jetpack_sharing_enabled":true,"_links":{"self":[{"href":"https:\/\/www.psychologie-aktuell.info\/reha\/wp-json\/wp\/v2\/posts\/3530","targetHints":{"allow":["GET"]}}],"collection":[{"href":"https:\/\/www.psychologie-aktuell.info\/reha\/wp-json\/wp\/v2\/posts"}],"about":[{"href":"https:\/\/www.psychologie-aktuell.info\/reha\/wp-json\/wp\/v2\/types\/post"}],"author":[{"embeddable":true,"href":"https:\/\/www.psychologie-aktuell.info\/reha\/wp-json\/wp\/v2\/users\/1"}],"replies":[{"embeddable":true,"href":"https:\/\/www.psychologie-aktuell.info\/reha\/wp-json\/wp\/v2\/comments?post=3530"}],"version-history":[{"count":1,"href":"https:\/\/www.psychologie-aktuell.info\/reha\/wp-json\/wp\/v2\/posts\/3530\/revisions"}],"predecessor-version":[{"id":3555,"href":"https:\/\/www.psychologie-aktuell.info\/reha\/wp-json\/wp\/v2\/posts\/3530\/revisions\/3555"}],"wp:attachment":[{"href":"https:\/\/www.psychologie-aktuell.info\/reha\/wp-json\/wp\/v2\/media?parent=3530"}],"wp:term":[{"taxonomy":"category","embeddable":true,"href":"https:\/\/www.psychologie-aktuell.info\/reha\/wp-json\/wp\/v2\/categories?post=3530"},{"taxonomy":"post_tag","embeddable":true,"href":"https:\/\/www.psychologie-aktuell.info\/reha\/wp-json\/wp\/v2\/tags?post=3530"}],"curies":[{"name":"wp","href":"https:\/\/api.w.org\/{rel}","templated":true}]}}