{"id":3540,"date":"2011-03-16T07:25:04","date_gmt":"2011-03-16T06:25:04","guid":{"rendered":"http:\/\/www.psychologie-aktuell.info\/reha\/?p=3540"},"modified":"2011-03-11T21:19:01","modified_gmt":"2011-03-11T20:19:01","slug":"psychische-komorbiditat-bei-chronisch-somatischen-erkrankungen-im-kindes-und-jugendalter","status":"publish","type":"post","link":"https:\/\/www.psychologie-aktuell.info\/reha\/2011\/03\/psychische-komorbiditat-bei-chronisch-somatischen-erkrankungen-im-kindes-und-jugendalter\/","title":{"rendered":"Psychische Komorbidit\u00e4t bei chronisch somatischen Erkrankungen im Kindes- und Jugendalter"},"content":{"rendered":"<blockquote><p><strong>M. Erhart, A. Weimann, M. Bullinger, M. Schulte-Markwort und U. Ravens-Sieberer<\/strong><\/p>\n<p>Der vorliegende Beitrag untersucht emotionale und Verhaltensprobleme bei Kindern und Jugendlichen mit chronisch somatischen Erkrankungen. Im bundesweiten repr\u00e4sentativen Kinder- und Jugendgesundheitssurvey (KiGGS) wurden bei 11.529 7- bis 17-J\u00e4hrigen chronisch somatische Erkrankungen erfragt und extremes \u00dcbergewicht gemessen. Ein spezieller Versorgungsbedarf (CSHCN), emotionale und Verhaltensprobleme (SDQ) sowie personale, soziale und famili\u00e4re Ressourcen wurden erfragt. <!--more-->Etwa 10,8% der Untersuchten weisen einen speziellen Versorgungsbedarf auf bei gleichzeitiger Nennung einer chronisch somatischen Erkrankung. Von diesen werden 20,6% als psychisch auff\u00e4llig (SDQ) klassifiziert (nicht-somatisch Kranke: 6,4%). In einer logistischen Regression sind m\u00e4nnliches Geschlecht (OR=2,0), niedriger sozio\u00f6konomischer Status (Winkler-Index) (OR=2,6), Familienstruktur (OR&gt;1), Defizite in famili\u00e4ren (OR=2,4) und personalen Ressourcen (OR=2,1) statistisch signifikant mit psychischer Komorbidit\u00e4t bei chronisch somatischen Erkrankungen assoziiert. Chronisch somatisch Kranke und Nicht-Kranke mit psychischen Problemen berichten die niedrigste gesundheitsbezogene Lebensqualit\u00e4t. Die Ergebnisse zeigen, dass insbesondere sozio\u00f6konomische, strukturelle und funktionale Aspekte der Familie bei der Entwicklung und Pr\u00e4vention psychischer Probleme bei chronisch somatisch Erkrankten ber\u00fccksichtigt werden m\u00fcssen.<\/p><\/blockquote>\n<p>Quelle: <a href=\"http:\/\/www.springerlink.com\/content\/y8j603448294g5h0\/\">SpringerLink &#8211; Bundesgesundheitsblatt &#8211; Gesundheitsforschung &#8211; Gesundheitsschutz, Volume 54, Number 1<\/a><\/p>\n","protected":false},"excerpt":{"rendered":"<p>M. Erhart, A. Weimann, M. Bullinger, M. Schulte-Markwort und U. Ravens-Sieberer Der vorliegende Beitrag untersucht emotionale und Verhaltensprobleme bei Kindern und Jugendlichen mit chronisch somatischen Erkrankungen. Im bundesweiten repr\u00e4sentativen Kinder- und Jugendgesundheitssurvey (KiGGS) wurden bei 11.529 7- bis 17-J\u00e4hrigen chronisch &hellip; <a href=\"https:\/\/www.psychologie-aktuell.info\/reha\/2011\/03\/psychische-komorbiditat-bei-chronisch-somatischen-erkrankungen-im-kindes-und-jugendalter\/\">Weiterlesen <span class=\"meta-nav\">&rarr;<\/span><\/a><\/p>\n","protected":false},"author":1,"featured_media":0,"comment_status":"closed","ping_status":"closed","sticky":false,"template":"","format":"standard","meta":{"_jetpack_memberships_contains_paid_content":false,"footnotes":""},"categories":[21],"tags":[208,405,384,631,205,151,737,106,402],"class_list":["post-3540","post","type-post","status-publish","format-standard","hentry","category-zeitschriftenartikel","tag-jugendalter","tag-jugendgesundheitssurvey","tag-jugendliche","tag-kind","tag-komorbiditaet","tag-lebensqualitat","tag-somatische-erkrankung","tag-sucht","tag-uebergewicht"],"jetpack_featured_media_url":"","jetpack_shortlink":"https:\/\/wp.me\/p1fMVY-V6","jetpack_sharing_enabled":true,"_links":{"self":[{"href":"https:\/\/www.psychologie-aktuell.info\/reha\/wp-json\/wp\/v2\/posts\/3540","targetHints":{"allow":["GET"]}}],"collection":[{"href":"https:\/\/www.psychologie-aktuell.info\/reha\/wp-json\/wp\/v2\/posts"}],"about":[{"href":"https:\/\/www.psychologie-aktuell.info\/reha\/wp-json\/wp\/v2\/types\/post"}],"author":[{"embeddable":true,"href":"https:\/\/www.psychologie-aktuell.info\/reha\/wp-json\/wp\/v2\/users\/1"}],"replies":[{"embeddable":true,"href":"https:\/\/www.psychologie-aktuell.info\/reha\/wp-json\/wp\/v2\/comments?post=3540"}],"version-history":[{"count":1,"href":"https:\/\/www.psychologie-aktuell.info\/reha\/wp-json\/wp\/v2\/posts\/3540\/revisions"}],"predecessor-version":[{"id":3566,"href":"https:\/\/www.psychologie-aktuell.info\/reha\/wp-json\/wp\/v2\/posts\/3540\/revisions\/3566"}],"wp:attachment":[{"href":"https:\/\/www.psychologie-aktuell.info\/reha\/wp-json\/wp\/v2\/media?parent=3540"}],"wp:term":[{"taxonomy":"category","embeddable":true,"href":"https:\/\/www.psychologie-aktuell.info\/reha\/wp-json\/wp\/v2\/categories?post=3540"},{"taxonomy":"post_tag","embeddable":true,"href":"https:\/\/www.psychologie-aktuell.info\/reha\/wp-json\/wp\/v2\/tags?post=3540"}],"curies":[{"name":"wp","href":"https:\/\/api.w.org\/{rel}","templated":true}]}}