{"id":3633,"date":"2011-06-14T09:49:33","date_gmt":"2011-06-14T07:49:33","guid":{"rendered":"http:\/\/www.psychologie-aktuell.info\/reha\/?p=3633"},"modified":"2011-06-09T20:52:54","modified_gmt":"2011-06-09T18:52:54","slug":"die-versorgung-von-menschen-mit-migrationshintergrund-in-der-psychosomatischen-rehabilitation","status":"publish","type":"post","link":"https:\/\/www.psychologie-aktuell.info\/reha\/2011\/06\/die-versorgung-von-menschen-mit-migrationshintergrund-in-der-psychosomatischen-rehabilitation\/","title":{"rendered":"Die Versorgung von Menschen mit Migrationshintergrund in der psychosomatischen Rehabilitation"},"content":{"rendered":"<blockquote><p><strong>M.-O. M\u00f6sko, S. Pradel und H. Schulz<\/strong><\/p>\n<p>Untersucht wurde, ob in der station\u00e4ren Rehabilitation von Patienten mit psychischen\/psychosomatischen St\u00f6rungen Menschen mit Migrationshintergrund seltener behandelt werden, st\u00e4rker belastet sind, weniger von der Behandlung profitieren und ein h\u00f6heres Risiko f\u00fcr einen negativen Behandlungserfolg haben. Auf Grundlage einer prospektiven Stichprobe (N=25.066) wurden die Inanspruchnahme, die Symptombelastung, die Behandlungsqualit\u00e4t und der Einfluss von Risikofaktoren untersucht. <!--more-->Patienten mit Migrationshintergrund zeigen eine geringere Inanspruchnahme und eine h\u00f6here psychopathologische Gesamtbelastung. T\u00fcrkische Patienten und Patienten aus dem ehemaligen Jugoslawien erzielen die geringsten Behandlungserfolge. Die Regressionsanalyse unterstreicht die Bedeutung der klinischen und soziodemografischen Faktoren als unabh\u00e4ngige negative Pr\u00e4diktoren des Behandlungserfolgs. Behandlungskonzepte sollten sich st\u00e4rker an den Bed\u00fcrfnissen von Patienten mit Migrationshintergrund und an denen sozio\u00f6konomisch benachteiligter Patienten orientieren.<\/p><\/blockquote>\n<p>Quelle: <a href=\"http:\/\/www.springerlink.com\/content\/m02ru863883780vl\/\">SpringerLink &#8211; Bundesgesundheitsblatt &#8211; Gesundheitsforschung &#8211; Gesundheitsschutz, Volume 54, Number 4<\/a><\/p>\n","protected":false},"excerpt":{"rendered":"<p>M.-O. M\u00f6sko, S. Pradel und H. Schulz Untersucht wurde, ob in der station\u00e4ren Rehabilitation von Patienten mit psychischen\/psychosomatischen St\u00f6rungen Menschen mit Migrationshintergrund seltener behandelt werden, st\u00e4rker belastet sind, weniger von der Behandlung profitieren und ein h\u00f6heres Risiko f\u00fcr einen negativen &hellip; <a href=\"https:\/\/www.psychologie-aktuell.info\/reha\/2011\/06\/die-versorgung-von-menschen-mit-migrationshintergrund-in-der-psychosomatischen-rehabilitation\/\">Weiterlesen <span class=\"meta-nav\">&rarr;<\/span><\/a><\/p>\n","protected":false},"author":1,"featured_media":0,"comment_status":"closed","ping_status":"closed","sticky":false,"template":"","format":"standard","meta":{"_jetpack_memberships_contains_paid_content":false,"footnotes":""},"categories":[21],"tags":[228,340,261,256,170],"class_list":["post-3633","post","type-post","status-publish","format-standard","hentry","category-zeitschriftenartikel","tag-belastung","tag-inanspruchnahme","tag-migration","tag-migrationshintergrund","tag-rehabilitation"],"jetpack_featured_media_url":"","jetpack_shortlink":"https:\/\/wp.me\/p1fMVY-WB","jetpack_sharing_enabled":true,"_links":{"self":[{"href":"https:\/\/www.psychologie-aktuell.info\/reha\/wp-json\/wp\/v2\/posts\/3633","targetHints":{"allow":["GET"]}}],"collection":[{"href":"https:\/\/www.psychologie-aktuell.info\/reha\/wp-json\/wp\/v2\/posts"}],"about":[{"href":"https:\/\/www.psychologie-aktuell.info\/reha\/wp-json\/wp\/v2\/types\/post"}],"author":[{"embeddable":true,"href":"https:\/\/www.psychologie-aktuell.info\/reha\/wp-json\/wp\/v2\/users\/1"}],"replies":[{"embeddable":true,"href":"https:\/\/www.psychologie-aktuell.info\/reha\/wp-json\/wp\/v2\/comments?post=3633"}],"version-history":[{"count":1,"href":"https:\/\/www.psychologie-aktuell.info\/reha\/wp-json\/wp\/v2\/posts\/3633\/revisions"}],"predecessor-version":[{"id":3866,"href":"https:\/\/www.psychologie-aktuell.info\/reha\/wp-json\/wp\/v2\/posts\/3633\/revisions\/3866"}],"wp:attachment":[{"href":"https:\/\/www.psychologie-aktuell.info\/reha\/wp-json\/wp\/v2\/media?parent=3633"}],"wp:term":[{"taxonomy":"category","embeddable":true,"href":"https:\/\/www.psychologie-aktuell.info\/reha\/wp-json\/wp\/v2\/categories?post=3633"},{"taxonomy":"post_tag","embeddable":true,"href":"https:\/\/www.psychologie-aktuell.info\/reha\/wp-json\/wp\/v2\/tags?post=3633"}],"curies":[{"name":"wp","href":"https:\/\/api.w.org\/{rel}","templated":true}]}}