{"id":3640,"date":"2011-06-01T07:55:58","date_gmt":"2011-06-01T05:55:58","guid":{"rendered":"http:\/\/www.psychologie-aktuell.info\/reha\/?p=3640"},"modified":"2011-05-29T12:23:32","modified_gmt":"2011-05-29T10:23:32","slug":"vorbereitung-und-nachbereitung-der-medizinischen-rehabilitation-am-beispiel-der-psychosomatischen-rehabilitation","status":"publish","type":"post","link":"https:\/\/www.psychologie-aktuell.info\/reha\/2011\/06\/vorbereitung-und-nachbereitung-der-medizinischen-rehabilitation-am-beispiel-der-psychosomatischen-rehabilitation\/","title":{"rendered":"Vorbereitung und Nachbereitung der medizinischen Rehabilitation am Beispiel der psychosomatischen Rehabilitation"},"content":{"rendered":"<blockquote><p><strong>A. Kobelt, M. Winkler und F. Petermann<\/strong><br \/>\nVoraussetzung f\u00fcr eine erfolgreiche Wiedereingliederung in das Erwerbsleben nach station\u00e4rer medizinisch-psychosomatischer Rehabilitation ist, dass die Betreuung auf die Zeit vor der station\u00e4ren Behandlung, auf die medizinische Heilbehandlung selbst und auf die Nachsorge angemessen verteilt wird. Neben einer idealerweise ausreichenden <!--more-->psychotherapeutischen Vorbehandlung durch niedergelassene \u00c4rzte soll die Vorbereitung auf die psychosomatische Rehabilitation vor allem \u00c4ngste nehmen und \u00fcber ihre Ziele bei der beruflichen Wiedereingliederung aufkl\u00e4ren. Die Nachsorge unterst\u00fctzt vor allem den Transfer der Rehabilitationsergebnisse und die Wiedereingliederung in das Erwerbsleben. Dennoch wird nur ein Teil der Versicherten vom Nachsorgeangebot erreicht. F\u00fcr Rehabilitanden mit besonderen Arbeitsplatzproblemen, f\u00fcr Migranten oder Langzeitarbeitslose wird ein Fallmanagement vorgeschlagen, wenn das Angebot der Nachsorge nicht ausreicht.<\/p><\/blockquote>\n<p>Quelle: <a href=\"http:\/\/www.springerlink.com\/content\/279p6q11633l8010\/\">SpringerLink &#8211; Bundesgesundheitsblatt &#8211; Gesundheitsforschung &#8211; Gesundheitsschutz, Volume 54, Number 4<\/a><\/p>\n","protected":false},"excerpt":{"rendered":"<p>A. Kobelt, M. Winkler und F. Petermann Voraussetzung f\u00fcr eine erfolgreiche Wiedereingliederung in das Erwerbsleben nach station\u00e4rer medizinisch-psychosomatischer Rehabilitation ist, dass die Betreuung auf die Zeit vor der station\u00e4ren Behandlung, auf die medizinische Heilbehandlung selbst und auf die Nachsorge angemessen &hellip; <a href=\"https:\/\/www.psychologie-aktuell.info\/reha\/2011\/06\/vorbereitung-und-nachbereitung-der-medizinischen-rehabilitation-am-beispiel-der-psychosomatischen-rehabilitation\/\">Weiterlesen <span class=\"meta-nav\">&rarr;<\/span><\/a><\/p>\n","protected":false},"author":1,"featured_media":0,"comment_status":"closed","ping_status":"closed","sticky":false,"template":"","format":"standard","meta":{"_jetpack_memberships_contains_paid_content":false,"footnotes":""},"categories":[21],"tags":[415,131,170],"class_list":["post-3640","post","type-post","status-publish","format-standard","hentry","category-zeitschriftenartikel","tag-migranten","tag-nachsorge","tag-rehabilitation"],"jetpack_featured_media_url":"","jetpack_shortlink":"https:\/\/wp.me\/p1fMVY-WI","jetpack_sharing_enabled":true,"_links":{"self":[{"href":"https:\/\/www.psychologie-aktuell.info\/reha\/wp-json\/wp\/v2\/posts\/3640","targetHints":{"allow":["GET"]}}],"collection":[{"href":"https:\/\/www.psychologie-aktuell.info\/reha\/wp-json\/wp\/v2\/posts"}],"about":[{"href":"https:\/\/www.psychologie-aktuell.info\/reha\/wp-json\/wp\/v2\/types\/post"}],"author":[{"embeddable":true,"href":"https:\/\/www.psychologie-aktuell.info\/reha\/wp-json\/wp\/v2\/users\/1"}],"replies":[{"embeddable":true,"href":"https:\/\/www.psychologie-aktuell.info\/reha\/wp-json\/wp\/v2\/comments?post=3640"}],"version-history":[{"count":1,"href":"https:\/\/www.psychologie-aktuell.info\/reha\/wp-json\/wp\/v2\/posts\/3640\/revisions"}],"predecessor-version":[{"id":3824,"href":"https:\/\/www.psychologie-aktuell.info\/reha\/wp-json\/wp\/v2\/posts\/3640\/revisions\/3824"}],"wp:attachment":[{"href":"https:\/\/www.psychologie-aktuell.info\/reha\/wp-json\/wp\/v2\/media?parent=3640"}],"wp:term":[{"taxonomy":"category","embeddable":true,"href":"https:\/\/www.psychologie-aktuell.info\/reha\/wp-json\/wp\/v2\/categories?post=3640"},{"taxonomy":"post_tag","embeddable":true,"href":"https:\/\/www.psychologie-aktuell.info\/reha\/wp-json\/wp\/v2\/tags?post=3640"}],"curies":[{"name":"wp","href":"https:\/\/api.w.org\/{rel}","templated":true}]}}