{"id":3650,"date":"2011-05-30T22:27:19","date_gmt":"2011-05-30T20:27:19","guid":{"rendered":"http:\/\/www.psychologie-aktuell.info\/reha\/?p=3650"},"modified":"2011-05-17T10:26:57","modified_gmt":"2011-05-17T08:26:57","slug":"wer-benotigt-praventive-hilfen-%e2%80%93-wen-erreichen-wir","status":"publish","type":"post","link":"https:\/\/www.psychologie-aktuell.info\/reha\/2011\/05\/wer-benotigt-praventive-hilfen-%e2%80%93-wen-erreichen-wir\/","title":{"rendered":"Wer ben\u00f6tigt pr\u00e4ventive Hilfen \u2013 wen erreichen wir?"},"content":{"rendered":"<blockquote><p><b>Jan Pauschardt, Sylvia Dorothee Eimecke, Fritz Mattejat<\/b><sup><br \/><\/sup>Die hohe Pr\u00e4valenz introversiver St\u00f6rungen (Angst und Depression) bei Kindern erfordert die Implementierung effektiver Pr\u00e4ventionsprogramme. \u00dcber die Forschung zur Wirksamkeit einzelner Programme hinaus bedarf es insbesondere auch Studien zur Optimierung von Verbreitung, Durchf\u00fchrung und Implementierung solcher Ma\u00dfnahmen. Das Ziel dieser Untersuchung war der Vergleich zweier Strategien zur Rekrutierung von Teilnehmern <!--more-->f\u00fcr ein kognitiv-verhaltenstherapeutisch ausgerichtetes Programm, das sich an 8\u201312-j\u00e4hrige Kinder mit subklinischen Angst- und depressiven Symptomen richtete. Die erste Strategie beinhaltete verschiedene lokale Werbema\u00dfnahmen f\u00fcr das Kursangebot, auf die sich die Eltern selbstst\u00e4ndig anmelden konnten; die zweite Rekrutierungsma\u00dfnahme erfolgte im Rahmen einer epidemiologischen Erhebung an 11 Regelschulen. Hier wurde den Eltern, deren Kinder erh\u00f6hte introversive Symptome aufwiesen, das Pr\u00e4ventionsangebot unterbreitet. W\u00e4hrend sich der erste Zugang projektbezogen als effektiv erwies, waren die Ergebnisse der Rekrutierung \u00fcber die Schulen ausgesprochen schwach. Die beiden Stichproben werden hinsichtlich Teilnahmequoten, Verlauf der Rekrutierung, Lebensqualit\u00e4t, psychischer Belastung sowie soziodemographischer Variablen explorativ verglichen. Der Bedarf an systematischen Rekrutierungsstudien wird betont.<\/p><\/blockquote>\n<p>Quelle: <a href=\"http:\/\/psycontent.metapress.com\/content\/e13567x7g536l483\/\">PsyCONTENT &#8211; Zeitschriftenbeitrag<\/a><\/p>\n","protected":false},"excerpt":{"rendered":"<p>Jan Pauschardt, Sylvia Dorothee Eimecke, Fritz MattejatDie hohe Pr\u00e4valenz introversiver St\u00f6rungen (Angst und Depression) bei Kindern erfordert die Implementierung effektiver Pr\u00e4ventionsprogramme. \u00dcber die Forschung zur Wirksamkeit einzelner Programme hinaus bedarf es insbesondere auch Studien zur Optimierung von Verbreitung, Durchf\u00fchrung und &hellip; <a href=\"https:\/\/www.psychologie-aktuell.info\/reha\/2011\/05\/wer-benotigt-praventive-hilfen-%e2%80%93-wen-erreichen-wir\/\">Weiterlesen <span class=\"meta-nav\">&rarr;<\/span><\/a><\/p>\n","protected":false},"author":1,"featured_media":0,"comment_status":"closed","ping_status":"closed","sticky":false,"template":"","format":"standard","meta":{"_jetpack_memberships_contains_paid_content":false,"footnotes":""},"categories":[21],"tags":[],"class_list":["post-3650","post","type-post","status-publish","format-standard","hentry","category-zeitschriftenartikel"],"jetpack_featured_media_url":"","jetpack_shortlink":"https:\/\/wp.me\/p1fMVY-WS","jetpack_sharing_enabled":true,"_links":{"self":[{"href":"https:\/\/www.psychologie-aktuell.info\/reha\/wp-json\/wp\/v2\/posts\/3650","targetHints":{"allow":["GET"]}}],"collection":[{"href":"https:\/\/www.psychologie-aktuell.info\/reha\/wp-json\/wp\/v2\/posts"}],"about":[{"href":"https:\/\/www.psychologie-aktuell.info\/reha\/wp-json\/wp\/v2\/types\/post"}],"author":[{"embeddable":true,"href":"https:\/\/www.psychologie-aktuell.info\/reha\/wp-json\/wp\/v2\/users\/1"}],"replies":[{"embeddable":true,"href":"https:\/\/www.psychologie-aktuell.info\/reha\/wp-json\/wp\/v2\/comments?post=3650"}],"version-history":[{"count":1,"href":"https:\/\/www.psychologie-aktuell.info\/reha\/wp-json\/wp\/v2\/posts\/3650\/revisions"}],"predecessor-version":[{"id":3814,"href":"https:\/\/www.psychologie-aktuell.info\/reha\/wp-json\/wp\/v2\/posts\/3650\/revisions\/3814"}],"wp:attachment":[{"href":"https:\/\/www.psychologie-aktuell.info\/reha\/wp-json\/wp\/v2\/media?parent=3650"}],"wp:term":[{"taxonomy":"category","embeddable":true,"href":"https:\/\/www.psychologie-aktuell.info\/reha\/wp-json\/wp\/v2\/categories?post=3650"},{"taxonomy":"post_tag","embeddable":true,"href":"https:\/\/www.psychologie-aktuell.info\/reha\/wp-json\/wp\/v2\/tags?post=3650"}],"curies":[{"name":"wp","href":"https:\/\/api.w.org\/{rel}","templated":true}]}}