{"id":3655,"date":"2011-05-13T08:01:10","date_gmt":"2011-05-13T06:01:10","guid":{"rendered":"http:\/\/www.psychologie-aktuell.info\/reha\/?p=3655"},"modified":"2011-05-11T21:50:16","modified_gmt":"2011-05-11T19:50:16","slug":"invaliditat-und-tod-bei-erwerbsfahigen-mit-depressionen","status":"publish","type":"post","link":"https:\/\/www.psychologie-aktuell.info\/reha\/2011\/05\/invaliditat-und-tod-bei-erwerbsfahigen-mit-depressionen\/","title":{"rendered":"Invalidit\u00e4t und Tod bei Erwerbsf\u00e4higen mit Depressionen"},"content":{"rendered":"<blockquote><p><strong>Felix\u00a0 Wedeg\u00e4rtner, Sonja\u00a0 Arnhold-Kerri, Nicola-Alexander\u00a0 Sittaro, Ralf\u00a0 Lohse, Detlef\u00a0 E.\u00a0 Dietrich, Stefan\u00a0 Bleich, Siegfried\u00a0 Geyer<\/strong><br \/>\nUntersucht wurden Fr\u00fchberentung und Fr\u00fchversterben im Zusammenhang mit rein ambulant und auch station\u00e4r behandelten Depressionen. Hierf\u00fcr wurden 128 001 Verl\u00e4ufe mit bis zu 10 Jahren Beobachtungsdauer multivariat untersucht. Ein erh\u00f6htes relatives Risiko (RR) f\u00fcr Fr\u00fchberentung besteht <!--more-->bei rein ambulanter und st\u00e4rker bei station\u00e4rer Behandlung. Dies betrifft besonders junge depressive M\u00e4nner. Erh\u00f6htes Fr\u00fchversterben lie\u00df sich nicht nachweisen, bei j\u00fcngeren, ambulant behandelten Frauen fand sich eher eine leicht verringerte Sterblichkeit. Auch in ambulanter Behandlung muss auf die berufliche Wiedereingliederung geachtet werden, f\u00fcr M\u00e4nner und Frauen auf unterschiedliche Weise.<\/p><\/blockquote>\n<p>Quelle: <a href=\"https:\/\/www.thieme-connect.de\/DOI\/DOI?10.1055\/s-0030-1265956\">Thieme eJournals &#8211; Abstract<\/a><\/p>\n","protected":false},"excerpt":{"rendered":"<p>Felix\u00a0 Wedeg\u00e4rtner, Sonja\u00a0 Arnhold-Kerri, Nicola-Alexander\u00a0 Sittaro, Ralf\u00a0 Lohse, Detlef\u00a0 E.\u00a0 Dietrich, Stefan\u00a0 Bleich, Siegfried\u00a0 Geyer Untersucht wurden Fr\u00fchberentung und Fr\u00fchversterben im Zusammenhang mit rein ambulant und auch station\u00e4r behandelten Depressionen. Hierf\u00fcr wurden 128 001 Verl\u00e4ufe mit bis zu 10 Jahren &hellip; <a href=\"https:\/\/www.psychologie-aktuell.info\/reha\/2011\/05\/invaliditat-und-tod-bei-erwerbsfahigen-mit-depressionen\/\">Weiterlesen <span class=\"meta-nav\">&rarr;<\/span><\/a><\/p>\n","protected":false},"author":1,"featured_media":0,"comment_status":"closed","ping_status":"closed","sticky":false,"template":"","format":"standard","meta":{"_jetpack_memberships_contains_paid_content":false,"footnotes":""},"categories":[21],"tags":[],"class_list":["post-3655","post","type-post","status-publish","format-standard","hentry","category-zeitschriftenartikel"],"jetpack_featured_media_url":"","jetpack_shortlink":"https:\/\/wp.me\/p1fMVY-WX","jetpack_sharing_enabled":true,"_links":{"self":[{"href":"https:\/\/www.psychologie-aktuell.info\/reha\/wp-json\/wp\/v2\/posts\/3655","targetHints":{"allow":["GET"]}}],"collection":[{"href":"https:\/\/www.psychologie-aktuell.info\/reha\/wp-json\/wp\/v2\/posts"}],"about":[{"href":"https:\/\/www.psychologie-aktuell.info\/reha\/wp-json\/wp\/v2\/types\/post"}],"author":[{"embeddable":true,"href":"https:\/\/www.psychologie-aktuell.info\/reha\/wp-json\/wp\/v2\/users\/1"}],"replies":[{"embeddable":true,"href":"https:\/\/www.psychologie-aktuell.info\/reha\/wp-json\/wp\/v2\/comments?post=3655"}],"version-history":[{"count":1,"href":"https:\/\/www.psychologie-aktuell.info\/reha\/wp-json\/wp\/v2\/posts\/3655\/revisions"}],"predecessor-version":[{"id":3760,"href":"https:\/\/www.psychologie-aktuell.info\/reha\/wp-json\/wp\/v2\/posts\/3655\/revisions\/3760"}],"wp:attachment":[{"href":"https:\/\/www.psychologie-aktuell.info\/reha\/wp-json\/wp\/v2\/media?parent=3655"}],"wp:term":[{"taxonomy":"category","embeddable":true,"href":"https:\/\/www.psychologie-aktuell.info\/reha\/wp-json\/wp\/v2\/categories?post=3655"},{"taxonomy":"post_tag","embeddable":true,"href":"https:\/\/www.psychologie-aktuell.info\/reha\/wp-json\/wp\/v2\/tags?post=3655"}],"curies":[{"name":"wp","href":"https:\/\/api.w.org\/{rel}","templated":true}]}}