{"id":3663,"date":"2011-05-02T07:41:45","date_gmt":"2011-05-02T05:41:45","guid":{"rendered":"http:\/\/www.psychologie-aktuell.info\/reha\/?p=3663"},"modified":"2011-04-29T08:58:28","modified_gmt":"2011-04-29T06:58:28","slug":"wirtschaftskrisen-erhohen-suizidrisiko","status":"publish","type":"post","link":"https:\/\/www.psychologie-aktuell.info\/reha\/2011\/05\/wirtschaftskrisen-erhohen-suizidrisiko\/","title":{"rendered":"Wirtschaftskrisen erh\u00f6hen Suizidrisiko"},"content":{"rendered":"<blockquote><p>Wirtschaftskrisen sind f\u00fcr die Bev\u00f6lkerung immer auch Zeiten seelischer Not. Eine Analyse im American Journal of Public Health (2011; doi: 10.2105\/AJPH.2010.300010 ) zeigt, dass die Suizidalit\u00e4t ansteigt.<br \/>\nDer Einfluss volkswirtschaftlicher Faktoren auf die Suizidrate war umstritten. Einige Forscher vermuteten sogar, dass Menschen in Krisenzeiten durch die Konzentration auf ihre wirtschaftliche Situation mental belastbarer sind als in Boomperioden, in denen seelische Tiefs sie leichter aus der Bahn werfen w\u00fcrden.<\/p><\/blockquote>\n<p>Quelle: <a href=\"http:\/\/www.aerzteblatt.de\/v4\/news\/news.asp?id=45494\">Deutsches \u00c4rzteblatt: Nachrichten &#8222;Wirtschaftskrisen erh\u00f6hen Suizidrisiko&#8220;<\/a><\/p>\n","protected":false},"excerpt":{"rendered":"<p>Wirtschaftskrisen sind f\u00fcr die Bev\u00f6lkerung immer auch Zeiten seelischer Not. Eine Analyse im American Journal of Public Health (2011; doi: 10.2105\/AJPH.2010.300010 ) zeigt, dass die Suizidalit\u00e4t ansteigt. Der Einfluss volkswirtschaftlicher Faktoren auf die Suizidrate war umstritten. Einige Forscher vermuteten sogar, &hellip; <a href=\"https:\/\/www.psychologie-aktuell.info\/reha\/2011\/05\/wirtschaftskrisen-erhohen-suizidrisiko\/\">Weiterlesen <span class=\"meta-nav\">&rarr;<\/span><\/a><\/p>\n","protected":false},"author":1,"featured_media":0,"comment_status":"closed","ping_status":"closed","sticky":false,"template":"","format":"standard","meta":{"_jetpack_memberships_contains_paid_content":false,"footnotes":""},"categories":[21],"tags":[110,769],"class_list":["post-3663","post","type-post","status-publish","format-standard","hentry","category-zeitschriftenartikel","tag-suizidalitat","tag-wirtschaftskrisen"],"jetpack_featured_media_url":"","jetpack_shortlink":"https:\/\/wp.me\/p1fMVY-X5","jetpack_sharing_enabled":true,"_links":{"self":[{"href":"https:\/\/www.psychologie-aktuell.info\/reha\/wp-json\/wp\/v2\/posts\/3663","targetHints":{"allow":["GET"]}}],"collection":[{"href":"https:\/\/www.psychologie-aktuell.info\/reha\/wp-json\/wp\/v2\/posts"}],"about":[{"href":"https:\/\/www.psychologie-aktuell.info\/reha\/wp-json\/wp\/v2\/types\/post"}],"author":[{"embeddable":true,"href":"https:\/\/www.psychologie-aktuell.info\/reha\/wp-json\/wp\/v2\/users\/1"}],"replies":[{"embeddable":true,"href":"https:\/\/www.psychologie-aktuell.info\/reha\/wp-json\/wp\/v2\/comments?post=3663"}],"version-history":[{"count":2,"href":"https:\/\/www.psychologie-aktuell.info\/reha\/wp-json\/wp\/v2\/posts\/3663\/revisions"}],"predecessor-version":[{"id":3717,"href":"https:\/\/www.psychologie-aktuell.info\/reha\/wp-json\/wp\/v2\/posts\/3663\/revisions\/3717"}],"wp:attachment":[{"href":"https:\/\/www.psychologie-aktuell.info\/reha\/wp-json\/wp\/v2\/media?parent=3663"}],"wp:term":[{"taxonomy":"category","embeddable":true,"href":"https:\/\/www.psychologie-aktuell.info\/reha\/wp-json\/wp\/v2\/categories?post=3663"},{"taxonomy":"post_tag","embeddable":true,"href":"https:\/\/www.psychologie-aktuell.info\/reha\/wp-json\/wp\/v2\/tags?post=3663"}],"curies":[{"name":"wp","href":"https:\/\/api.w.org\/{rel}","templated":true}]}}