{"id":3675,"date":"2011-04-20T20:49:08","date_gmt":"2011-04-20T18:49:08","guid":{"rendered":"http:\/\/www.psychologie-aktuell.info\/reha\/?p=3675"},"modified":"2011-04-20T20:24:11","modified_gmt":"2011-04-20T18:24:11","slug":"kurzere-liegezeiten-kranker-in-die-reha","status":"publish","type":"post","link":"https:\/\/www.psychologie-aktuell.info\/reha\/2011\/04\/kurzere-liegezeiten-kranker-in-die-reha\/","title":{"rendered":"K\u00fcrzere Liegezeiten, kr\u00e4nker in die Reha"},"content":{"rendered":"<blockquote><p>Seit der Einf\u00fchrung des pauschalen Verg\u00fctungssystems in Krankenh\u00e4usern beginnen zahlreiche Patienten ihre Rehama\u00dfnahmen mit einem deutlich schlechteren Gesundheitszustand. Grund daf\u00fcr sind laut einer Studie der Universit\u00e4t M\u00fcnster verk\u00fcrzte Liegezeiten in den Kliniken. Wie die Hochschule heute mitteilte, ist beispielsweise der station\u00e4re Aufenthalt nach H\u00fcftoperationen von durchschnittlich 17,3 Tagen im Jahr 2003 auf 12,5 Tage im Jahr 2010 gesunken.<br \/>\nZiel der Krankenh\u00e4user sei es, die Kosten je Patient zu senken. Nach dem 2004 eingef\u00fchrten Fallpauschalensystem werden Krankenhausleistungen nicht abh\u00e4ngig vom jeweiligen Zeitaufwand verg\u00fctet, sondern pauschal pro Behandlungsfall. Als Konsequenz sei die Zahl der Patienten gestiegen, die bei ihrer Aufnahme in die Reha vermehrt unter Komplikationen litten sowie einen deutlich verschlechterten Gesundheits- und Mobilit\u00e4tszustand aufwiesen.<\/p><\/blockquote>\n<p>Quelle: <a href=\"http:\/\/www.aerzteblatt.de\/v4\/news\/news.asp?id=45483\">Deutsches \u00c4rzteblatt: Nachrichten &#8222;K\u00fcrzere Liegezeiten, kr\u00e4nker in die Reha&#8220;<\/a><\/p>\n","protected":false},"excerpt":{"rendered":"<p>Seit der Einf\u00fchrung des pauschalen Verg\u00fctungssystems in Krankenh\u00e4usern beginnen zahlreiche Patienten ihre Rehama\u00dfnahmen mit einem deutlich schlechteren Gesundheitszustand. Grund daf\u00fcr sind laut einer Studie der Universit\u00e4t M\u00fcnster verk\u00fcrzte Liegezeiten in den Kliniken. Wie die Hochschule heute mitteilte, ist beispielsweise der &hellip; <a href=\"https:\/\/www.psychologie-aktuell.info\/reha\/2011\/04\/kurzere-liegezeiten-kranker-in-die-reha\/\">Weiterlesen <span class=\"meta-nav\">&rarr;<\/span><\/a><\/p>\n","protected":false},"author":1,"featured_media":0,"comment_status":"closed","ping_status":"closed","sticky":false,"template":"","format":"standard","meta":{"_jetpack_memberships_contains_paid_content":false,"footnotes":""},"categories":[21],"tags":[],"class_list":["post-3675","post","type-post","status-publish","format-standard","hentry","category-zeitschriftenartikel"],"jetpack_featured_media_url":"","jetpack_shortlink":"https:\/\/wp.me\/p1fMVY-Xh","jetpack_sharing_enabled":true,"_links":{"self":[{"href":"https:\/\/www.psychologie-aktuell.info\/reha\/wp-json\/wp\/v2\/posts\/3675","targetHints":{"allow":["GET"]}}],"collection":[{"href":"https:\/\/www.psychologie-aktuell.info\/reha\/wp-json\/wp\/v2\/posts"}],"about":[{"href":"https:\/\/www.psychologie-aktuell.info\/reha\/wp-json\/wp\/v2\/types\/post"}],"author":[{"embeddable":true,"href":"https:\/\/www.psychologie-aktuell.info\/reha\/wp-json\/wp\/v2\/users\/1"}],"replies":[{"embeddable":true,"href":"https:\/\/www.psychologie-aktuell.info\/reha\/wp-json\/wp\/v2\/comments?post=3675"}],"version-history":[{"count":1,"href":"https:\/\/www.psychologie-aktuell.info\/reha\/wp-json\/wp\/v2\/posts\/3675\/revisions"}],"predecessor-version":[{"id":3691,"href":"https:\/\/www.psychologie-aktuell.info\/reha\/wp-json\/wp\/v2\/posts\/3675\/revisions\/3691"}],"wp:attachment":[{"href":"https:\/\/www.psychologie-aktuell.info\/reha\/wp-json\/wp\/v2\/media?parent=3675"}],"wp:term":[{"taxonomy":"category","embeddable":true,"href":"https:\/\/www.psychologie-aktuell.info\/reha\/wp-json\/wp\/v2\/categories?post=3675"},{"taxonomy":"post_tag","embeddable":true,"href":"https:\/\/www.psychologie-aktuell.info\/reha\/wp-json\/wp\/v2\/tags?post=3675"}],"curies":[{"name":"wp","href":"https:\/\/api.w.org\/{rel}","templated":true}]}}