{"id":376,"date":"2009-04-14T09:00:00","date_gmt":"2009-04-14T08:00:00","guid":{"rendered":"http:\/\/www.reha-psychologie.net\/reha\/2009\/04\/%e2%80%9eselbstscreen-prodrom%e2%80%9c-ein-selbstbeurteilungsinstrument-zur-fruherkennung-von-psychischen-erkrankungen-und-psychosen\/"},"modified":"2009-04-14T09:00:00","modified_gmt":"2009-04-14T08:00:00","slug":"%e2%80%9eselbstscreen-prodrom%e2%80%9c-ein-selbstbeurteilungsinstrument-zur-fruherkennung-von-psychischen-erkrankungen-und-psychosen","status":"publish","type":"post","link":"https:\/\/www.psychologie-aktuell.info\/reha\/2009\/04\/%e2%80%9eselbstscreen-prodrom%e2%80%9c-ein-selbstbeurteilungsinstrument-zur-fruherkennung-von-psychischen-erkrankungen-und-psychosen\/","title":{"rendered":"&#8222;Selbstscreen-Prodrom&#8220; &#8211; Ein Selbstbeurteilungsinstrument zur Fr\u00fcherkennung von psychischen Erkrankungen und Psychosen"},"content":{"rendered":"<blockquote><p>Die Bedeutung der Fr\u00fcherkennung von Psychosen wurde in den letzten Jahren zunehmend erkannt. Ein Screening bez\u00fcglich einer beginnenden Erkrankung sollte sich v. a. auf hilfesuchende Personen beziehen und m\u00f6glichst stufenweise erfolgen. Im Rahmen eines prospektiven Projekts zur Fr\u00fcherkennung von Psychosen (FePsy) haben wir deshalb ein Selbstbeurteilungsinstrument zur Differenzierung zwischen Gesunden, Psychose-(Risiko)-Patienten, Patienten mit anderen ICD-10 Diagnosen entwickelt. <br \/><!--more-->Das &#8222;Selbstscreen-Prodrom&#8220; wurde unter Ber\u00fccksichtigung der wichtigsten aus der Literatur bekannten Risikofaktoren und fr\u00fchen Anzeichen der Erkrankung entwickelt. Insbesondere wurden sog. Prodromalsymptome und pr\u00e4psychotische Symptome erhoben. Ein Gesamtwert und eine Subskala wurden hinsichtlich Validit\u00e4t und Reliabilit\u00e4t \u00fcberpr\u00fcft. <br \/>Der &#8222;Selbstscreen-Prodrom&#8220;-Gesamtwert kann psychisch Erkrankte von Gesunden unterscheiden (Cut-off-Wert: \u00e2\u2030\u00a5 6; Sensitivit\u00e4t: 85 % Spezifit\u00e4t: 91 %). Dar\u00fcber hinaus kann mit einer Subskala eine Differenzierung zwischen Psychose-(risiko)-Patienten und Patienten mit anderen psychiatrischen Diagnosen erfolgen (Cut-off-Wert: \u00e2\u2030\u00a5 2; Sensitivit\u00e4t: 85 % Spezifit\u00e4t: 39 %). <br \/>Das &#8222;Selbstscreen-Prodrom&#8220; ist ein n\u00fctzliches Instrument, das a) psychisch Kranke von Gesunden unterscheidet und b) Personen mit Risiko f\u00fcr eine Psychose aus psychisch Kranken mit anderen psychiatrischen ICD-10 Diagnosen f\u00fcr ein weiteres Screening herausfiltert. Als n\u00e4chster Schritt in der Fr\u00fcherkennung sollte bei den identifizierten Personen eine ausf\u00fchrliche psychiatrische Untersuchung folgen.<\/p><\/blockquote>\n<p>Quelle: <a href=\"http:\/\/www.thieme-connect.com\/DOI\/DOI10.1055\/s-0028-1109227\">Thieme eJournals &#8211; Abstract<\/a><\/p>\n","protected":false},"excerpt":{"rendered":"<p>Die Bedeutung der Fr\u00fcherkennung von Psychosen wurde in den letzten Jahren zunehmend erkannt. Ein Screening bez\u00fcglich einer beginnenden Erkrankung sollte sich v. a. auf hilfesuchende Personen beziehen und m\u00f6glichst stufenweise erfolgen. Im Rahmen eines prospektiven Projekts zur Fr\u00fcherkennung von Psychosen &hellip; <a href=\"https:\/\/www.psychologie-aktuell.info\/reha\/2009\/04\/%e2%80%9eselbstscreen-prodrom%e2%80%9c-ein-selbstbeurteilungsinstrument-zur-fruherkennung-von-psychischen-erkrankungen-und-psychosen\/\">Weiterlesen <span class=\"meta-nav\">&rarr;<\/span><\/a><\/p>\n","protected":false},"author":1,"featured_media":0,"comment_status":"open","ping_status":"open","sticky":false,"template":"","format":"standard","meta":{"_jetpack_memberships_contains_paid_content":false,"footnotes":""},"categories":[21],"tags":[31],"class_list":["post-376","post","type-post","status-publish","format-standard","hentry","category-zeitschriftenartikel","tag-diagnostik"],"jetpack_featured_media_url":"","jetpack_shortlink":"https:\/\/wp.me\/p1fMVY-64","jetpack_sharing_enabled":true,"_links":{"self":[{"href":"https:\/\/www.psychologie-aktuell.info\/reha\/wp-json\/wp\/v2\/posts\/376","targetHints":{"allow":["GET"]}}],"collection":[{"href":"https:\/\/www.psychologie-aktuell.info\/reha\/wp-json\/wp\/v2\/posts"}],"about":[{"href":"https:\/\/www.psychologie-aktuell.info\/reha\/wp-json\/wp\/v2\/types\/post"}],"author":[{"embeddable":true,"href":"https:\/\/www.psychologie-aktuell.info\/reha\/wp-json\/wp\/v2\/users\/1"}],"replies":[{"embeddable":true,"href":"https:\/\/www.psychologie-aktuell.info\/reha\/wp-json\/wp\/v2\/comments?post=376"}],"version-history":[{"count":0,"href":"https:\/\/www.psychologie-aktuell.info\/reha\/wp-json\/wp\/v2\/posts\/376\/revisions"}],"wp:attachment":[{"href":"https:\/\/www.psychologie-aktuell.info\/reha\/wp-json\/wp\/v2\/media?parent=376"}],"wp:term":[{"taxonomy":"category","embeddable":true,"href":"https:\/\/www.psychologie-aktuell.info\/reha\/wp-json\/wp\/v2\/categories?post=376"},{"taxonomy":"post_tag","embeddable":true,"href":"https:\/\/www.psychologie-aktuell.info\/reha\/wp-json\/wp\/v2\/tags?post=376"}],"curies":[{"name":"wp","href":"https:\/\/api.w.org\/{rel}","templated":true}]}}