{"id":4012,"date":"2011-07-24T21:14:00","date_gmt":"2011-07-24T19:14:00","guid":{"rendered":"http:\/\/www.psychologie-aktuell.info\/reha\/2011\/07\/bender-fordert-eigene-bedarfsplanung-fur-psychotherapie\/"},"modified":"2011-07-24T20:25:34","modified_gmt":"2011-07-24T18:25:34","slug":"bender-fordert-eigene-bedarfsplanung-fur-psychotherapie","status":"publish","type":"post","link":"https:\/\/www.psychologie-aktuell.info\/reha\/2011\/07\/bender-fordert-eigene-bedarfsplanung-fur-psychotherapie\/","title":{"rendered":"Bender fordert eigene Bedarfsplanung f\u00fcr Psychotherapie"},"content":{"rendered":"<blockquote><p>\u201eBei der Versorgung mit psychothera\u00adpeu\u00adtischen Leistungen existiert eine im Vergleich zu anderen \u00c4rztegruppen besondere Situation, die eine spezifische Antwort bei der Bedarfsplanung sowie dem Abbau von Unter- und \u00dcberversorgung erforderlich macht\u201c, so Bender Mitte Juli in Berlin.<\/p>\n<p>Sie kommentierte damit die Antwort der Bundesregierung auf die Kleine Anfrage \u201e\u00dcber- und unterversorgte \u00e4rztliche Planungsbereiche in Verbindung mit der Relation \u00c4rzte\/\u00c4rztinnen zur Bev\u00f6lkerung\u201c vom Juli 2011. <\/p><\/blockquote>\n<p><a href=\"http:\/\/www.aerzteblatt.de\/v4\/news\/news.asp?id=46701\">Deutsches \u00c4rzteblatt: Nachrichten &#8222;Bender fordert eigene Bedarfsplanung f\u00fcr Psychotherapie&#8220;<\/a><\/p>\n","protected":false},"excerpt":{"rendered":"<p>\u201eBei der Versorgung mit psychothera\u00adpeu\u00adtischen Leistungen existiert eine im Vergleich zu anderen \u00c4rztegruppen besondere Situation, die eine spezifische Antwort bei der Bedarfsplanung sowie dem Abbau von Unter- und \u00dcberversorgung erforderlich macht\u201c, so Bender Mitte Juli in Berlin. Sie kommentierte damit &hellip; <a href=\"https:\/\/www.psychologie-aktuell.info\/reha\/2011\/07\/bender-fordert-eigene-bedarfsplanung-fur-psychotherapie\/\">Weiterlesen <span class=\"meta-nav\">&rarr;<\/span><\/a><\/p>\n","protected":false},"author":1,"featured_media":0,"comment_status":"closed","ping_status":"closed","sticky":false,"template":"","format":"standard","meta":{"_jetpack_memberships_contains_paid_content":false,"footnotes":""},"categories":[21],"tags":[],"class_list":["post-4012","post","type-post","status-publish","format-standard","hentry","category-zeitschriftenartikel"],"jetpack_featured_media_url":"","jetpack_shortlink":"https:\/\/wp.me\/p1fMVY-12I","jetpack_sharing_enabled":true,"_links":{"self":[{"href":"https:\/\/www.psychologie-aktuell.info\/reha\/wp-json\/wp\/v2\/posts\/4012","targetHints":{"allow":["GET"]}}],"collection":[{"href":"https:\/\/www.psychologie-aktuell.info\/reha\/wp-json\/wp\/v2\/posts"}],"about":[{"href":"https:\/\/www.psychologie-aktuell.info\/reha\/wp-json\/wp\/v2\/types\/post"}],"author":[{"embeddable":true,"href":"https:\/\/www.psychologie-aktuell.info\/reha\/wp-json\/wp\/v2\/users\/1"}],"replies":[{"embeddable":true,"href":"https:\/\/www.psychologie-aktuell.info\/reha\/wp-json\/wp\/v2\/comments?post=4012"}],"version-history":[{"count":1,"href":"https:\/\/www.psychologie-aktuell.info\/reha\/wp-json\/wp\/v2\/posts\/4012\/revisions"}],"predecessor-version":[{"id":4013,"href":"https:\/\/www.psychologie-aktuell.info\/reha\/wp-json\/wp\/v2\/posts\/4012\/revisions\/4013"}],"wp:attachment":[{"href":"https:\/\/www.psychologie-aktuell.info\/reha\/wp-json\/wp\/v2\/media?parent=4012"}],"wp:term":[{"taxonomy":"category","embeddable":true,"href":"https:\/\/www.psychologie-aktuell.info\/reha\/wp-json\/wp\/v2\/categories?post=4012"},{"taxonomy":"post_tag","embeddable":true,"href":"https:\/\/www.psychologie-aktuell.info\/reha\/wp-json\/wp\/v2\/tags?post=4012"}],"curies":[{"name":"wp","href":"https:\/\/api.w.org\/{rel}","templated":true}]}}