{"id":4014,"date":"2011-07-28T07:30:00","date_gmt":"2011-07-28T05:30:00","guid":{"rendered":"http:\/\/www.psychologie-aktuell.info\/reha\/2011\/07\/psychische-probleme-nicht-in-online-netzwerken-offentlich-diskutieren\/"},"modified":"2011-07-24T20:26:52","modified_gmt":"2011-07-24T18:26:52","slug":"psychische-probleme-nicht-in-online-netzwerken-offentlich-diskutieren","status":"publish","type":"post","link":"https:\/\/www.psychologie-aktuell.info\/reha\/2011\/07\/psychische-probleme-nicht-in-online-netzwerken-offentlich-diskutieren\/","title":{"rendered":"Psychische Probleme nicht in Online-Netzwerken \u00f6ffentlich diskutieren"},"content":{"rendered":"<blockquote><p>Vor der Diskussion von pers\u00f6nlichen psychischen Problemen wie Magersucht oder Depressionen in sozialen Netzwerken warnt die Deutsche Gesellschaft f\u00fcr Psychosomatische Medizin und \u00c4rztliche Psychotherapie (DGPM). \u201eIn Facebook und anderen Netzwerken diskutieren Menschen namentlich und in aller \u00d6ffentlichkeit \u00fcber ihre psychischen Probleme\u201c, sagte Wolfgang Senf, Vorsitzender der DGPM. <\/p><\/blockquote>\n<p><a href=\"http:\/\/www.aerzteblatt.de\/v4\/news\/news.asp?id=46705\">Deutsches \u00c4rzteblatt: Nachrichten &#8222;Psychische Probleme nicht in Online-Netzwerken \u00f6ffentlich diskutieren&#8220;<\/a><\/p>\n","protected":false},"excerpt":{"rendered":"<p>Vor der Diskussion von pers\u00f6nlichen psychischen Problemen wie Magersucht oder Depressionen in sozialen Netzwerken warnt die Deutsche Gesellschaft f\u00fcr Psychosomatische Medizin und \u00c4rztliche Psychotherapie (DGPM). \u201eIn Facebook und anderen Netzwerken diskutieren Menschen namentlich und in aller \u00d6ffentlichkeit \u00fcber ihre psychischen &hellip; <a href=\"https:\/\/www.psychologie-aktuell.info\/reha\/2011\/07\/psychische-probleme-nicht-in-online-netzwerken-offentlich-diskutieren\/\">Weiterlesen <span class=\"meta-nav\">&rarr;<\/span><\/a><\/p>\n","protected":false},"author":1,"featured_media":0,"comment_status":"closed","ping_status":"closed","sticky":false,"template":"","format":"standard","meta":{"_jetpack_memberships_contains_paid_content":false,"footnotes":""},"categories":[21],"tags":[],"class_list":["post-4014","post","type-post","status-publish","format-standard","hentry","category-zeitschriftenartikel"],"jetpack_featured_media_url":"","jetpack_shortlink":"https:\/\/wp.me\/p1fMVY-12K","jetpack_sharing_enabled":true,"_links":{"self":[{"href":"https:\/\/www.psychologie-aktuell.info\/reha\/wp-json\/wp\/v2\/posts\/4014","targetHints":{"allow":["GET"]}}],"collection":[{"href":"https:\/\/www.psychologie-aktuell.info\/reha\/wp-json\/wp\/v2\/posts"}],"about":[{"href":"https:\/\/www.psychologie-aktuell.info\/reha\/wp-json\/wp\/v2\/types\/post"}],"author":[{"embeddable":true,"href":"https:\/\/www.psychologie-aktuell.info\/reha\/wp-json\/wp\/v2\/users\/1"}],"replies":[{"embeddable":true,"href":"https:\/\/www.psychologie-aktuell.info\/reha\/wp-json\/wp\/v2\/comments?post=4014"}],"version-history":[{"count":1,"href":"https:\/\/www.psychologie-aktuell.info\/reha\/wp-json\/wp\/v2\/posts\/4014\/revisions"}],"predecessor-version":[{"id":4015,"href":"https:\/\/www.psychologie-aktuell.info\/reha\/wp-json\/wp\/v2\/posts\/4014\/revisions\/4015"}],"wp:attachment":[{"href":"https:\/\/www.psychologie-aktuell.info\/reha\/wp-json\/wp\/v2\/media?parent=4014"}],"wp:term":[{"taxonomy":"category","embeddable":true,"href":"https:\/\/www.psychologie-aktuell.info\/reha\/wp-json\/wp\/v2\/categories?post=4014"},{"taxonomy":"post_tag","embeddable":true,"href":"https:\/\/www.psychologie-aktuell.info\/reha\/wp-json\/wp\/v2\/tags?post=4014"}],"curies":[{"name":"wp","href":"https:\/\/api.w.org\/{rel}","templated":true}]}}