{"id":4022,"date":"2011-08-01T07:30:00","date_gmt":"2011-08-01T05:30:00","guid":{"rendered":"http:\/\/www.psychologie-aktuell.info\/reha\/2011\/08\/die-bedeutung-des-emotionalen-entwicklungsniveaus-bei-der-psychiatrischen-behandlung-von-menschen-mit-geistiger-behinderung\/"},"modified":"2011-07-24T20:41:17","modified_gmt":"2011-07-24T18:41:17","slug":"die-bedeutung-des-emotionalen-entwicklungsniveaus-bei-der-psychiatrischen-behandlung-von-menschen-mit-geistiger-behinderung","status":"publish","type":"post","link":"https:\/\/www.psychologie-aktuell.info\/reha\/2011\/08\/die-bedeutung-des-emotionalen-entwicklungsniveaus-bei-der-psychiatrischen-behandlung-von-menschen-mit-geistiger-behinderung\/","title":{"rendered":"Die Bedeutung des emotionalen Entwicklungsniveaus bei der psychiatrischen Behandlung von Menschen mit geistiger Behinderung"},"content":{"rendered":"<blockquote><p><b>T. Sappok, C. Schade, H. Kaiser, A. Dosen, A. Diefenbacher<\/b><br \/>Einleitung: Menschen mit geistiger Behinderung erkranken 3- bis 4-mal h\u00e4ufiger an psychischen St\u00f6rungen als die Allgemeinbev\u00f6lkerung. Aus der Entwicklungsperspektive spielt dabei, neben hirnorganischen Ver\u00e4nderungen, auch die Pers\u00f6nlichkeitsentwicklung mit unterschiedlichen kognitiven und emotionalen Entwicklungsstadien eine Rolle. Diese Diskrepanz macht die Betroffenen f\u00fcr die Entstehung von Problemverhalten und psychischen Erkrankungen vulnerabel. <!--more-->F\u00fcr einen angemessenen Einblick in die Prozesse, die zur St\u00f6rungsentstehung beitragen, ist die Bestimmung des emotionalen Entwicklungsniveaus bedeutsam. Dies kann durch das von A. Dosen entwickelte \u201eSchema der emotionalen Entwicklung\u201d (SEO) bestimmt werden.<br \/>Methode: Anhand eines Fallbeispiels wird aufgezeigt, wie sich das Schema SEO anwenden und das Konzept der emotionalen Entwicklung in der klinischen Praxis umsetzen l\u00e4sst. <br \/>Ergebnis: Die Kenntnis des Niveaus der emotionalen Entwicklung tr\u00e4gt zur Erkl\u00e4rung der Entstehung und zum Verst\u00e4ndnis der psychischen St\u00f6rung bei. Sie hilft bei der Bildung einer integrativen Diagnose und eines ganzheitlichen Behandlungsansatzes. Dieser f\u00fchrt im dargestellten Fallbeispiel zu einer deutlichen Besserung der raptusartigen Erregungsdurchbr\u00fcche, einer Normalisierung des Schlafverhaltens und einer Besserung der Stimmung und der Affektlabilit\u00e4t. <br \/>Schlussfolgerung: In der differenzialdiagnostischen Abkl\u00e4rung und psychiatrischen Behandlung von Menschen mit geistiger Behinderung und psychischen Problemen sollten im St\u00f6rungsbild neben biopsychosozialen auch Entwicklungsaspekte differenziert untersucht werden. Die mithilfe des SEO erhobenen Befunde k\u00f6nnen zum differenzierten St\u00f6rungsverst\u00e4ndnis und neuen therapeutischen Ans\u00e4tzen beitragen.<\/p><\/blockquote>\n<p><a href=\"https:\/\/www.thieme-connect.de\/DOI\/DOI?10.1055\/s-0031-1273382\">Thieme eJournals &#8211; Abstract<\/a><\/p>\n","protected":false},"excerpt":{"rendered":"<p>T. Sappok, C. Schade, H. Kaiser, A. Dosen, A. DiefenbacherEinleitung: Menschen mit geistiger Behinderung erkranken 3- bis 4-mal h\u00e4ufiger an psychischen St\u00f6rungen als die Allgemeinbev\u00f6lkerung. Aus der Entwicklungsperspektive spielt dabei, neben hirnorganischen Ver\u00e4nderungen, auch die Pers\u00f6nlichkeitsentwicklung mit unterschiedlichen kognitiven und &hellip; <a href=\"https:\/\/www.psychologie-aktuell.info\/reha\/2011\/08\/die-bedeutung-des-emotionalen-entwicklungsniveaus-bei-der-psychiatrischen-behandlung-von-menschen-mit-geistiger-behinderung\/\">Weiterlesen <span class=\"meta-nav\">&rarr;<\/span><\/a><\/p>\n","protected":false},"author":1,"featured_media":0,"comment_status":"closed","ping_status":"closed","sticky":false,"template":"","format":"standard","meta":{"_jetpack_memberships_contains_paid_content":false,"footnotes":""},"categories":[21],"tags":[],"class_list":["post-4022","post","type-post","status-publish","format-standard","hentry","category-zeitschriftenartikel"],"jetpack_featured_media_url":"","jetpack_shortlink":"https:\/\/wp.me\/p1fMVY-12S","jetpack_sharing_enabled":true,"_links":{"self":[{"href":"https:\/\/www.psychologie-aktuell.info\/reha\/wp-json\/wp\/v2\/posts\/4022","targetHints":{"allow":["GET"]}}],"collection":[{"href":"https:\/\/www.psychologie-aktuell.info\/reha\/wp-json\/wp\/v2\/posts"}],"about":[{"href":"https:\/\/www.psychologie-aktuell.info\/reha\/wp-json\/wp\/v2\/types\/post"}],"author":[{"embeddable":true,"href":"https:\/\/www.psychologie-aktuell.info\/reha\/wp-json\/wp\/v2\/users\/1"}],"replies":[{"embeddable":true,"href":"https:\/\/www.psychologie-aktuell.info\/reha\/wp-json\/wp\/v2\/comments?post=4022"}],"version-history":[{"count":1,"href":"https:\/\/www.psychologie-aktuell.info\/reha\/wp-json\/wp\/v2\/posts\/4022\/revisions"}],"predecessor-version":[{"id":4023,"href":"https:\/\/www.psychologie-aktuell.info\/reha\/wp-json\/wp\/v2\/posts\/4022\/revisions\/4023"}],"wp:attachment":[{"href":"https:\/\/www.psychologie-aktuell.info\/reha\/wp-json\/wp\/v2\/media?parent=4022"}],"wp:term":[{"taxonomy":"category","embeddable":true,"href":"https:\/\/www.psychologie-aktuell.info\/reha\/wp-json\/wp\/v2\/categories?post=4022"},{"taxonomy":"post_tag","embeddable":true,"href":"https:\/\/www.psychologie-aktuell.info\/reha\/wp-json\/wp\/v2\/tags?post=4022"}],"curies":[{"name":"wp","href":"https:\/\/api.w.org\/{rel}","templated":true}]}}