{"id":4046,"date":"2011-08-13T07:30:00","date_gmt":"2011-08-13T05:30:00","guid":{"rendered":"http:\/\/www.psychologie-aktuell.info\/reha\/2011\/08\/virtuelle-realitat-in-der-psychotherapie\/"},"modified":"2011-07-24T21:02:04","modified_gmt":"2011-07-24T19:02:04","slug":"virtuelle-realitat-in-der-psychotherapie","status":"publish","type":"post","link":"https:\/\/www.psychologie-aktuell.info\/reha\/2011\/08\/virtuelle-realitat-in-der-psychotherapie\/","title":{"rendered":"Virtuelle Realit\u00e4t in der Psychotherapie"},"content":{"rendered":"<blockquote><p><b>Andreas  M\u00fchlberger, Paul  Pauli<\/b><br \/>Im Rahmen von Psychotherapien wird die Aktivierung von Emotionsnetzwerken f\u00fcr die Ver\u00e4nderung emotionalen Erlebens als notwendig erachtet. Insbesondere bei Angstst\u00f6rungen ist die Exposition mit den angstausl\u00f6senden Objekten oder Situationen ein zentrales Element der kognitiven Verhaltenstherapie. Computergenerierte dreidimensionale Modelle solcher angstausl\u00f6senden Objekte oder Situationen k\u00f6nnen heute mittels modernen Computertechnologien als virtuelle Realit\u00e4ten (VR) sehr realistisch erstellt und in der Psychotherapie sinnvoll und erfolgreich eingesetzt werden. Die Kosten f\u00fcr die Technik <!--more-->sind in den letzten Jahren deutlich gesunken. Der vorliegende Beitrag gibt eine Einf\u00fchrung in den Nutzen und die Effektivit\u00e4t der virtuellen Realit\u00e4t f\u00fcr die Behandlung von verschiedenen Angstst\u00f6rungen (Spezifische Phobie, soziale Phobie und posttraumatische Belastungsst\u00f6rung) sowie einen \u00dcberblick \u00fcber Einsatzm\u00f6glichkeiten f\u00fcr die Behandlung weiterer St\u00f6rungen, z. B. S\u00fcchte, Schmerzen und Schizophrenie. Die Verf\u00fcgbarkeit von VR-Systemen, insbesondere zur Angstbehandlung, wird in den n\u00e4chsten Jahren deutlich zunehmen, sodass die VR Expositionsbehandlung sich voraussichtlich als effektive Routinebehandlung etablieren wird.<\/p><\/blockquote>\n<p><a href=\"https:\/\/www.thieme-connect.de\/DOI\/DOI?10.1055\/s-0031-1276816\">Thieme eJournals &#8211; Abstract<\/a><\/p>\n","protected":false},"excerpt":{"rendered":"<p>Andreas M\u00fchlberger, Paul PauliIm Rahmen von Psychotherapien wird die Aktivierung von Emotionsnetzwerken f\u00fcr die Ver\u00e4nderung emotionalen Erlebens als notwendig erachtet. Insbesondere bei Angstst\u00f6rungen ist die Exposition mit den angstausl\u00f6senden Objekten oder Situationen ein zentrales Element der kognitiven Verhaltenstherapie. Computergenerierte dreidimensionale &hellip; <a href=\"https:\/\/www.psychologie-aktuell.info\/reha\/2011\/08\/virtuelle-realitat-in-der-psychotherapie\/\">Weiterlesen <span class=\"meta-nav\">&rarr;<\/span><\/a><\/p>\n","protected":false},"author":1,"featured_media":0,"comment_status":"closed","ping_status":"closed","sticky":false,"template":"","format":"standard","meta":{"_jetpack_memberships_contains_paid_content":false,"footnotes":""},"categories":[21],"tags":[],"class_list":["post-4046","post","type-post","status-publish","format-standard","hentry","category-zeitschriftenartikel"],"jetpack_featured_media_url":"","jetpack_shortlink":"https:\/\/wp.me\/p1fMVY-13g","jetpack_sharing_enabled":true,"_links":{"self":[{"href":"https:\/\/www.psychologie-aktuell.info\/reha\/wp-json\/wp\/v2\/posts\/4046","targetHints":{"allow":["GET"]}}],"collection":[{"href":"https:\/\/www.psychologie-aktuell.info\/reha\/wp-json\/wp\/v2\/posts"}],"about":[{"href":"https:\/\/www.psychologie-aktuell.info\/reha\/wp-json\/wp\/v2\/types\/post"}],"author":[{"embeddable":true,"href":"https:\/\/www.psychologie-aktuell.info\/reha\/wp-json\/wp\/v2\/users\/1"}],"replies":[{"embeddable":true,"href":"https:\/\/www.psychologie-aktuell.info\/reha\/wp-json\/wp\/v2\/comments?post=4046"}],"version-history":[{"count":1,"href":"https:\/\/www.psychologie-aktuell.info\/reha\/wp-json\/wp\/v2\/posts\/4046\/revisions"}],"predecessor-version":[{"id":4047,"href":"https:\/\/www.psychologie-aktuell.info\/reha\/wp-json\/wp\/v2\/posts\/4046\/revisions\/4047"}],"wp:attachment":[{"href":"https:\/\/www.psychologie-aktuell.info\/reha\/wp-json\/wp\/v2\/media?parent=4046"}],"wp:term":[{"taxonomy":"category","embeddable":true,"href":"https:\/\/www.psychologie-aktuell.info\/reha\/wp-json\/wp\/v2\/categories?post=4046"},{"taxonomy":"post_tag","embeddable":true,"href":"https:\/\/www.psychologie-aktuell.info\/reha\/wp-json\/wp\/v2\/tags?post=4046"}],"curies":[{"name":"wp","href":"https:\/\/api.w.org\/{rel}","templated":true}]}}