{"id":4106,"date":"2011-08-23T11:15:26","date_gmt":"2011-08-23T09:15:26","guid":{"rendered":"http:\/\/www.psychologie-aktuell.info\/reha\/2011\/08\/wirksamkeit-der-massagetherapie-bei-depression-und-angsterkrankungen-sowie-bei-depressivitat-und-angst-als-komorbiditat-eine-systematische-ubersicht-kontrollierter-studien\/"},"modified":"2011-08-23T11:15:44","modified_gmt":"2011-08-23T09:15:44","slug":"wirksamkeit-der-massagetherapie-bei-depression-und-angsterkrankungen-sowie-bei-depressivitat-und-angst-als-komorbiditat-eine-systematische-ubersicht-kontrollierter-studien","status":"publish","type":"post","link":"https:\/\/www.psychologie-aktuell.info\/reha\/2011\/08\/wirksamkeit-der-massagetherapie-bei-depression-und-angsterkrankungen-sowie-bei-depressivitat-und-angst-als-komorbiditat-eine-systematische-ubersicht-kontrollierter-studien\/","title":{"rendered":"Wirksamkeit der Massagetherapie bei Depression und Angsterkrankungen sowie bei Depressivit\u00e4t und Angst als Komorbidit\u00e4t &#8211; Eine systematische \u00dcbersicht kontrollierter Studien"},"content":{"rendered":"<blockquote><p><b>S.&nbsp;Baumgart<a class=\"anchorb\" href=\"https:\/\/www.thieme-connect.de\/DOI\/DOI?10.1055\/s-0031-1279760#A708-1\"><sup><\/sup><\/a>, <\/b><b>B.&nbsp;M\u00fcller-Oerlinghausen<a class=\"anchorb\" href=\"https:\/\/www.thieme-connect.de\/DOI\/DOI?10.1055\/s-0031-1279760#A708-2\"><sup><\/sup><\/a>, <\/b><b>C. F. G.&nbsp;Schendera<\/b><br \/>Einleitung: Ziel dieser systematischen \u00dcbersichtsarbeit ist es, die aktuelle wissenschaftliche Evidenz zur Wirksamkeit einer professionell durchgef\u00fchrten Massage auf Depressivit\u00e4t und \u00c4ngstlichkeit darzustellen. Die \u00dcbersicht schlie\u00dft inhaltlich an \u00e4ltere zusammenfassende Darstellungen oder Metaanalysen an und ber\u00fccksichtigt klinische Studien bis zum Jahr 2009.<\/p>\n<p>Methoden: Eingeschlossen wurden nur randomisierte klinische Studien (RCT), in welchen die Massage von professionellen Therapeuten ausgef\u00fchrt wurde. Desweiteren wurden nur RCT ber\u00fccksichtigt in denen entweder Patienten mit der Prim\u00e4rdiagnose Depression und\/oder Angstst\u00f6rung rekrutiert oder Ver\u00e4nderungen in Form von depressiver\/\u00e4ngstlicher Symptomatik als Komorbidit\u00e4t gemessen worden waren. Bevor diese Studien in die weitere Auswertung kamen, wurde eine methodologische Pr\u00fcfung (PEDro Skala) durchgef\u00fchrt. Aufgrund der Heterogenit\u00e4t der Studien im Hinblick auf z. B. Studienprotokoll und statistische Kenndaten musste auf eine formale Metaanalyse verzichtet werden, sodass die Ergebnisse deskriptiv dargestellt werden.<\/p>\n<p><!--more-->Ergebnisse: Von 90 gefundenen Artikeln kamen 22 RCT in die Auswertung. Die methodologische Bewertung mittels der PEDro-Skala ergab, dass 73% (n=16) dem Evidenzgrad A und 27% (n=6) dem Evidenzgrad B zugeordnet werden konnten. Sowohl bei der Behandlung von Depression als auch bei der Behandlung von Angst\/\u00c4ngstlichkeit wurde \u00fcberwiegend ein signifikant besseres Ergebnis der Massagetherapie gegen\u00fcber den unterschiedlichen Vergleichsgruppen dokumentiert. Die antidepressive Wirksamkeit scheint ausgepr\u00e4gter als die anxiolytische Wirkung zu sein.<\/p>\n<p>Schlussfolgerung: Es konnte gezeigt werden, dass die Aussagekraft neuerer Massagestudien sich bedeutend verbessert hat. Auch dokumentiert die \u00dcbersicht im Vergleich zu fr\u00fcheren Studien, dass die Anwendung der Massagetherapie bei Depression\/Angst sich als sinnvoll und effektiv erweist. F\u00fcr zuk\u00fcnftige Studien erscheint die Fragestellung interessant, ob die Kombination von Massagetherapie und Psychotherapie m\u00f6glicherweise effektiver ist als Psychotherapie allein oder die Kombination von Psychotherapie und Psychopharmaka<\/p><\/blockquote>\n<p>Quelle: <a href=\"https:\/\/www.thieme-connect.de\/DOI\/DOI?10.1055\/s-0031-1279760\">Thieme eJournals &#8211; Abstract<\/a><\/p>\n","protected":false},"excerpt":{"rendered":"<p>S.&nbsp;Baumgart, B.&nbsp;M\u00fcller-Oerlinghausen, C. F. G.&nbsp;SchenderaEinleitung: Ziel dieser systematischen \u00dcbersichtsarbeit ist es, die aktuelle wissenschaftliche Evidenz zur Wirksamkeit einer professionell durchgef\u00fchrten Massage auf Depressivit\u00e4t und \u00c4ngstlichkeit darzustellen. Die \u00dcbersicht schlie\u00dft inhaltlich an \u00e4ltere zusammenfassende Darstellungen oder Metaanalysen an und ber\u00fccksichtigt klinische &hellip; <a href=\"https:\/\/www.psychologie-aktuell.info\/reha\/2011\/08\/wirksamkeit-der-massagetherapie-bei-depression-und-angsterkrankungen-sowie-bei-depressivitat-und-angst-als-komorbiditat-eine-systematische-ubersicht-kontrollierter-studien\/\">Weiterlesen <span class=\"meta-nav\">&rarr;<\/span><\/a><\/p>\n","protected":false},"author":1,"featured_media":0,"comment_status":"closed","ping_status":"closed","sticky":false,"template":"","format":"standard","meta":{"_jetpack_memberships_contains_paid_content":false,"footnotes":""},"categories":[21],"tags":[],"class_list":["post-4106","post","type-post","status-publish","format-standard","hentry","category-zeitschriftenartikel"],"jetpack_featured_media_url":"","jetpack_shortlink":"https:\/\/wp.me\/p1fMVY-14e","jetpack_sharing_enabled":true,"_links":{"self":[{"href":"https:\/\/www.psychologie-aktuell.info\/reha\/wp-json\/wp\/v2\/posts\/4106","targetHints":{"allow":["GET"]}}],"collection":[{"href":"https:\/\/www.psychologie-aktuell.info\/reha\/wp-json\/wp\/v2\/posts"}],"about":[{"href":"https:\/\/www.psychologie-aktuell.info\/reha\/wp-json\/wp\/v2\/types\/post"}],"author":[{"embeddable":true,"href":"https:\/\/www.psychologie-aktuell.info\/reha\/wp-json\/wp\/v2\/users\/1"}],"replies":[{"embeddable":true,"href":"https:\/\/www.psychologie-aktuell.info\/reha\/wp-json\/wp\/v2\/comments?post=4106"}],"version-history":[{"count":1,"href":"https:\/\/www.psychologie-aktuell.info\/reha\/wp-json\/wp\/v2\/posts\/4106\/revisions"}],"predecessor-version":[{"id":4107,"href":"https:\/\/www.psychologie-aktuell.info\/reha\/wp-json\/wp\/v2\/posts\/4106\/revisions\/4107"}],"wp:attachment":[{"href":"https:\/\/www.psychologie-aktuell.info\/reha\/wp-json\/wp\/v2\/media?parent=4106"}],"wp:term":[{"taxonomy":"category","embeddable":true,"href":"https:\/\/www.psychologie-aktuell.info\/reha\/wp-json\/wp\/v2\/categories?post=4106"},{"taxonomy":"post_tag","embeddable":true,"href":"https:\/\/www.psychologie-aktuell.info\/reha\/wp-json\/wp\/v2\/tags?post=4106"}],"curies":[{"name":"wp","href":"https:\/\/api.w.org\/{rel}","templated":true}]}}