{"id":4183,"date":"2011-10-14T08:09:08","date_gmt":"2011-10-14T06:09:08","guid":{"rendered":"http:\/\/www.psychologie-aktuell.info\/reha\/?p=4183"},"modified":"2011-10-08T11:02:49","modified_gmt":"2011-10-08T09:02:49","slug":"zur-ambulanten-versorgung-psychischer-storungen-in-einer-landlichen-region-eine-analyse-von-abrechnungsdaten-der-kassenarztlichen-vereinigung-mecklenburg-vorpommern","status":"publish","type":"post","link":"https:\/\/www.psychologie-aktuell.info\/reha\/2011\/10\/zur-ambulanten-versorgung-psychischer-storungen-in-einer-landlichen-region-eine-analyse-von-abrechnungsdaten-der-kassenarztlichen-vereinigung-mecklenburg-vorpommern\/","title":{"rendered":"Zur ambulanten Versorgung psychischer St\u00f6rungen in einer l\u00e4ndlichen Region. Eine Analyse von Abrechnungsdaten der Kassen\u00e4rztlichen Vereinigung Mecklenburg-Vorpommern"},"content":{"rendered":"<blockquote><p><strong>Wolfgang Hann\u00f6ver, Nora Sp\u00e4te, Hans-Joachim Hannich<\/strong><br \/>\nPsychische St\u00f6rungen verursachen einen sub\u00adstanziellen Anteil der Krankheitslast. Obwohl sie in l\u00e4ndlichen Regionen etwas seltener auftreten als in Verdichtungszentren, ist die Versorgungsdichte \u00fcberproportional geringer. Abrechnungszahlen der Kassen\u00e4rztlichen Vereinigung Mecklenburg-Vorpommerns der Jahre 2006\/2007 bilden die Grundlage f\u00fcr die Darstellung der Verteilung von St\u00f6rungsbildern an der Gesamtanzahl psychischer St\u00f6rungen und deren ambulante Versorgung. Von allen psychischen St\u00f6rungen <!--more-->entfielen 35,3% auf neurotische-, Belastungs- und somatoforme St\u00f6rungen, 24,2% auf affektive St\u00f6rungen und 12,7% auf St\u00f6rungen durch Substanzkonsum. Versorgt wurden die Patienten durch Allgemein- und Haus\u00e4rzte in 44,7%, Nerven\u00e4rzte 15,1%, Gyn\u00e4kologen 12,6%, Internisten 8,1%; Psychotherapeuten in 3,1%. Diese Ergebnisse bieten Anlass f\u00fcr \u00dcberlegungen \u00fcber die Zulassungspraxis von Psychotherapeuten und Nerven\u00e4rzten sowie den Stellenwert psychischer Erkrankungen in der der Aus- und Weiterbildung von Allgemeinmedizinern.<\/p><\/blockquote>\n<p><a href=\"https:\/\/www.thieme-connect.de\/DOI\/DOI?10.1055\/s-0031-1284333\">Thieme eJournals &#8211; Abstract<\/a><\/p>\n","protected":false},"excerpt":{"rendered":"<p>Wolfgang Hann\u00f6ver, Nora Sp\u00e4te, Hans-Joachim Hannich Psychische St\u00f6rungen verursachen einen sub\u00adstanziellen Anteil der Krankheitslast. Obwohl sie in l\u00e4ndlichen Regionen etwas seltener auftreten als in Verdichtungszentren, ist die Versorgungsdichte \u00fcberproportional geringer. Abrechnungszahlen der Kassen\u00e4rztlichen Vereinigung Mecklenburg-Vorpommerns der Jahre 2006\/2007 bilden die &hellip; <a href=\"https:\/\/www.psychologie-aktuell.info\/reha\/2011\/10\/zur-ambulanten-versorgung-psychischer-storungen-in-einer-landlichen-region-eine-analyse-von-abrechnungsdaten-der-kassenarztlichen-vereinigung-mecklenburg-vorpommern\/\">Weiterlesen <span class=\"meta-nav\">&rarr;<\/span><\/a><\/p>\n","protected":false},"author":1,"featured_media":0,"comment_status":"closed","ping_status":"closed","sticky":false,"template":"","format":"standard","meta":{"_jetpack_memberships_contains_paid_content":false,"footnotes":""},"categories":[21],"tags":[812,188,813],"class_list":["post-4183","post","type-post","status-publish","format-standard","hentry","category-zeitschriftenartikel","tag-psychische-storungen","tag-versorgung","tag-versorgungsdichte"],"jetpack_featured_media_url":"","jetpack_shortlink":"https:\/\/wp.me\/p1fMVY-15t","jetpack_sharing_enabled":true,"_links":{"self":[{"href":"https:\/\/www.psychologie-aktuell.info\/reha\/wp-json\/wp\/v2\/posts\/4183","targetHints":{"allow":["GET"]}}],"collection":[{"href":"https:\/\/www.psychologie-aktuell.info\/reha\/wp-json\/wp\/v2\/posts"}],"about":[{"href":"https:\/\/www.psychologie-aktuell.info\/reha\/wp-json\/wp\/v2\/types\/post"}],"author":[{"embeddable":true,"href":"https:\/\/www.psychologie-aktuell.info\/reha\/wp-json\/wp\/v2\/users\/1"}],"replies":[{"embeddable":true,"href":"https:\/\/www.psychologie-aktuell.info\/reha\/wp-json\/wp\/v2\/comments?post=4183"}],"version-history":[{"count":1,"href":"https:\/\/www.psychologie-aktuell.info\/reha\/wp-json\/wp\/v2\/posts\/4183\/revisions"}],"predecessor-version":[{"id":4360,"href":"https:\/\/www.psychologie-aktuell.info\/reha\/wp-json\/wp\/v2\/posts\/4183\/revisions\/4360"}],"wp:attachment":[{"href":"https:\/\/www.psychologie-aktuell.info\/reha\/wp-json\/wp\/v2\/media?parent=4183"}],"wp:term":[{"taxonomy":"category","embeddable":true,"href":"https:\/\/www.psychologie-aktuell.info\/reha\/wp-json\/wp\/v2\/categories?post=4183"},{"taxonomy":"post_tag","embeddable":true,"href":"https:\/\/www.psychologie-aktuell.info\/reha\/wp-json\/wp\/v2\/tags?post=4183"}],"curies":[{"name":"wp","href":"https:\/\/api.w.org\/{rel}","templated":true}]}}