{"id":4186,"date":"2011-10-13T11:13:39","date_gmt":"2011-10-13T09:13:39","guid":{"rendered":"http:\/\/www.psychologie-aktuell.info\/reha\/?p=4186"},"modified":"2011-10-08T11:00:03","modified_gmt":"2011-10-08T09:00:03","slug":"zusammenhang-zwischen-familiaren-stressoren-bewaltigungsressourcen-von-muttern-und-der-gesundheitsbezogenen-lebensqualitat-ihrer-kinder","status":"publish","type":"post","link":"https:\/\/www.psychologie-aktuell.info\/reha\/2011\/10\/zusammenhang-zwischen-familiaren-stressoren-bewaltigungsressourcen-von-muttern-und-der-gesundheitsbezogenen-lebensqualitat-ihrer-kinder\/","title":{"rendered":"Zusammenhang zwischen famili\u00e4ren Stressoren, Bew\u00e4ltigungsressourcen von M\u00fcttern und der gesundheitsbezogenen Lebensqualit\u00e4t ihrer Kinder"},"content":{"rendered":"<blockquote><p><strong>Sonja Arnhold-Kerri , Friederike Otto, Stefanie Sperlich<\/strong><br \/>\nFamili\u00e4re Belastungen sowie mangelnde Bew\u00e4ltigungsressourcen von M\u00fcttern werden in unterschiedlichen theoretischen Modellen als Risikofaktoren f\u00fcr die kindliche Entwicklung diskutiert. In vorliegender Arbeit wurden Selbstangaben der M\u00fctter zu Belastungen sowie Bew\u00e4ltigungsressourcen und Selbstangaben ihrer Kinder zur gesundheitsbezogenen Lebensqualit\u00e4t (N=564 Mutter-Kind-Paare) zu 2 Messzeitpunkten (Beginn und Ende einer 3-w\u00f6chigen Mutter-Kind-Ma\u00dfnahme) untersucht. Die Ergebnisse eines Strukturgleichungsmodells zeigen, dass zum einen famili\u00e4re Belastungen direkt die kindliche <!--more-->gesundheitsbezogene Lebensqualit\u00e4t beeinflussen und zum anderen ihr Einfluss \u00fcber das elterliche Kompetenzgef\u00fchl beziehungsweise das psychische Befinden der M\u00fctter mediiert wird. Auch Ver\u00e4nderungen im psychischen Befinden und im elterlichen Kompetenzgef\u00fchl der M\u00fctter h\u00e4ngen in Abh\u00e4ngigkeit vom Geschlecht des Kindes geringf\u00fcgig, aber signifikant mit der Ver\u00e4nderung der kindlichen gesundheitsbezogenen Lebensqualit\u00e4t zusammen. Die Analyse unabh\u00e4ngiger Daten zeigt somit, dass die F\u00f6rderung spezifischer personeller Ressourcen von M\u00fcttern mit einer geringen aber signifikanten Ver\u00e4nderung der kindlichen gesundheitsbezogenen Lebensqualit\u00e4t einhergeht.<\/p><\/blockquote>\n<p><a href=\"https:\/\/www.thieme-connect.de\/DOI\/DOI?10.1055\/s-0031-1283159\">Thieme eJournals &#8211; Abstract<\/a><\/p>\n","protected":false},"excerpt":{"rendered":"<p>Sonja Arnhold-Kerri , Friederike Otto, Stefanie Sperlich Famili\u00e4re Belastungen sowie mangelnde Bew\u00e4ltigungsressourcen von M\u00fcttern werden in unterschiedlichen theoretischen Modellen als Risikofaktoren f\u00fcr die kindliche Entwicklung diskutiert. In vorliegender Arbeit wurden Selbstangaben der M\u00fctter zu Belastungen sowie Bew\u00e4ltigungsressourcen und Selbstangaben ihrer &hellip; <a href=\"https:\/\/www.psychologie-aktuell.info\/reha\/2011\/10\/zusammenhang-zwischen-familiaren-stressoren-bewaltigungsressourcen-von-muttern-und-der-gesundheitsbezogenen-lebensqualitat-ihrer-kinder\/\">Weiterlesen <span class=\"meta-nav\">&rarr;<\/span><\/a><\/p>\n","protected":false},"author":1,"featured_media":0,"comment_status":"closed","ping_status":"closed","sticky":false,"template":"","format":"standard","meta":{"_jetpack_memberships_contains_paid_content":false,"footnotes":""},"categories":[21],"tags":[206,809,631,151,251,242],"class_list":["post-4186","post","type-post","status-publish","format-standard","hentry","category-zeitschriftenartikel","tag-entwicklung","tag-familiare-belastungen","tag-kind","tag-lebensqualitat","tag-risikofaktor","tag-stress"],"jetpack_featured_media_url":"","jetpack_shortlink":"https:\/\/wp.me\/p1fMVY-15w","jetpack_sharing_enabled":true,"_links":{"self":[{"href":"https:\/\/www.psychologie-aktuell.info\/reha\/wp-json\/wp\/v2\/posts\/4186","targetHints":{"allow":["GET"]}}],"collection":[{"href":"https:\/\/www.psychologie-aktuell.info\/reha\/wp-json\/wp\/v2\/posts"}],"about":[{"href":"https:\/\/www.psychologie-aktuell.info\/reha\/wp-json\/wp\/v2\/types\/post"}],"author":[{"embeddable":true,"href":"https:\/\/www.psychologie-aktuell.info\/reha\/wp-json\/wp\/v2\/users\/1"}],"replies":[{"embeddable":true,"href":"https:\/\/www.psychologie-aktuell.info\/reha\/wp-json\/wp\/v2\/comments?post=4186"}],"version-history":[{"count":2,"href":"https:\/\/www.psychologie-aktuell.info\/reha\/wp-json\/wp\/v2\/posts\/4186\/revisions"}],"predecessor-version":[{"id":4359,"href":"https:\/\/www.psychologie-aktuell.info\/reha\/wp-json\/wp\/v2\/posts\/4186\/revisions\/4359"}],"wp:attachment":[{"href":"https:\/\/www.psychologie-aktuell.info\/reha\/wp-json\/wp\/v2\/media?parent=4186"}],"wp:term":[{"taxonomy":"category","embeddable":true,"href":"https:\/\/www.psychologie-aktuell.info\/reha\/wp-json\/wp\/v2\/categories?post=4186"},{"taxonomy":"post_tag","embeddable":true,"href":"https:\/\/www.psychologie-aktuell.info\/reha\/wp-json\/wp\/v2\/tags?post=4186"}],"curies":[{"name":"wp","href":"https:\/\/api.w.org\/{rel}","templated":true}]}}