{"id":4188,"date":"2011-10-25T20:45:26","date_gmt":"2011-10-25T18:45:26","guid":{"rendered":"http:\/\/www.psychologie-aktuell.info\/reha\/?p=4188"},"modified":"2011-10-25T20:39:05","modified_gmt":"2011-10-25T18:39:05","slug":"obstruktives-schlaf-apnoe-syndrom-als-ursache-einer-atypischen-depression","status":"publish","type":"post","link":"https:\/\/www.psychologie-aktuell.info\/reha\/2011\/10\/obstruktives-schlaf-apnoe-syndrom-als-ursache-einer-atypischen-depression\/","title":{"rendered":"Obstruktives Schlaf-Apnoe-Syndrom als Ursache einer atypischen Depression"},"content":{"rendered":"<blockquote><p><strong>F. U. Lang, H. H\u00f6sch, H. Seibert, R. Klug, D. K\u00f6ppler, M. J\u00e4ger<\/strong><br \/>\nDas Schlaf-Apnoe-Syndrom ist eine h\u00e4ufige Erkrankung, bei der neben k\u00f6rperlichen Begleiterkrankungen auch psychische St\u00f6rungen auftreten k\u00f6nnen. Es wird \u00fcber einen 43-j\u00e4hrigen Mann berichtet, bei dem durch ein obstruktives Schlaf-Apnoe-Syndrom (OSAS) eine organische depressive St\u00f6rung ausgel\u00f6st wurde. Differenzialdiagnostisch war zun\u00e4chst neben einer atypischen depressiven Episode auch an ein schizophrenes Residuum gedacht worden. Die Auff\u00e4lligkeiten in der Polysomnografie <!--more-->waren jedoch wegweisend f\u00fcr die Diagnose des OSAS. Unter einer Behandlung mit nasal Continuous Positive Airway Pressure (nCPAP) bildeten sich sowohl die respiratorischen Ereignisse als auch die depressive Symptomatik zur\u00fcck. Der Fall verdeutlicht die engen Zusammenh\u00e4nge von Schlafst\u00f6rung und depressiver Symptomatik. Insbesondere zeigt er auch, dass bei \u00fcbergewichtigen Menschen mit Merkmalen einer atypischen Depression an ein Schlaf-Apnoe-Syndrom gedacht werden sollte.<\/p><\/blockquote>\n<p><a href=\"https:\/\/www.thieme-connect.de\/DOI\/DOI?10.1055\/s-0031-1281625\">Thieme eJournals &#8211; Abstract<\/a><\/p>\n","protected":false},"excerpt":{"rendered":"<p>F. U. Lang, H. H\u00f6sch, H. Seibert, R. Klug, D. K\u00f6ppler, M. J\u00e4ger Das Schlaf-Apnoe-Syndrom ist eine h\u00e4ufige Erkrankung, bei der neben k\u00f6rperlichen Begleiterkrankungen auch psychische St\u00f6rungen auftreten k\u00f6nnen. Es wird \u00fcber einen 43-j\u00e4hrigen Mann berichtet, bei dem durch ein &hellip; <a href=\"https:\/\/www.psychologie-aktuell.info\/reha\/2011\/10\/obstruktives-schlaf-apnoe-syndrom-als-ursache-einer-atypischen-depression\/\">Weiterlesen <span class=\"meta-nav\">&rarr;<\/span><\/a><\/p>\n","protected":false},"author":1,"featured_media":0,"comment_status":"closed","ping_status":"closed","sticky":false,"template":"","format":"standard","meta":{"_jetpack_memberships_contains_paid_content":false,"footnotes":""},"categories":[21],"tags":[],"class_list":["post-4188","post","type-post","status-publish","format-standard","hentry","category-zeitschriftenartikel"],"jetpack_featured_media_url":"","jetpack_shortlink":"https:\/\/wp.me\/p1fMVY-15y","jetpack_sharing_enabled":true,"_links":{"self":[{"href":"https:\/\/www.psychologie-aktuell.info\/reha\/wp-json\/wp\/v2\/posts\/4188","targetHints":{"allow":["GET"]}}],"collection":[{"href":"https:\/\/www.psychologie-aktuell.info\/reha\/wp-json\/wp\/v2\/posts"}],"about":[{"href":"https:\/\/www.psychologie-aktuell.info\/reha\/wp-json\/wp\/v2\/types\/post"}],"author":[{"embeddable":true,"href":"https:\/\/www.psychologie-aktuell.info\/reha\/wp-json\/wp\/v2\/users\/1"}],"replies":[{"embeddable":true,"href":"https:\/\/www.psychologie-aktuell.info\/reha\/wp-json\/wp\/v2\/comments?post=4188"}],"version-history":[{"count":1,"href":"https:\/\/www.psychologie-aktuell.info\/reha\/wp-json\/wp\/v2\/posts\/4188\/revisions"}],"predecessor-version":[{"id":4440,"href":"https:\/\/www.psychologie-aktuell.info\/reha\/wp-json\/wp\/v2\/posts\/4188\/revisions\/4440"}],"wp:attachment":[{"href":"https:\/\/www.psychologie-aktuell.info\/reha\/wp-json\/wp\/v2\/media?parent=4188"}],"wp:term":[{"taxonomy":"category","embeddable":true,"href":"https:\/\/www.psychologie-aktuell.info\/reha\/wp-json\/wp\/v2\/categories?post=4188"},{"taxonomy":"post_tag","embeddable":true,"href":"https:\/\/www.psychologie-aktuell.info\/reha\/wp-json\/wp\/v2\/tags?post=4188"}],"curies":[{"name":"wp","href":"https:\/\/api.w.org\/{rel}","templated":true}]}}