{"id":4190,"date":"2011-10-11T08:19:18","date_gmt":"2011-10-11T06:19:18","guid":{"rendered":"http:\/\/www.psychologie-aktuell.info\/reha\/?p=4190"},"modified":"2011-10-08T10:56:09","modified_gmt":"2011-10-08T08:56:09","slug":"versorgungswege-von-erstmanifesten-psychotischen-patienten-eine-ubersicht-internationaler-studien","status":"publish","type":"post","link":"https:\/\/www.psychologie-aktuell.info\/reha\/2011\/10\/versorgungswege-von-erstmanifesten-psychotischen-patienten-eine-ubersicht-internationaler-studien\/","title":{"rendered":"Versorgungswege von erstmanifesten psychotischen Patienten &#8211; eine \u00dcbersicht internationaler Studien"},"content":{"rendered":"<blockquote><p><strong>N. Schaffner, B. G. Schimmelmann, A. Niedersteberg, F. Schultze-Lutter<\/strong><br \/>\nEine l\u00e4ngere Dauer der unbehandelten Psychose (DUP) und der unbehandelten Erkrankung (DUI) ist mit einem negativen Krankheitsverlauf von Psychosen assoziiert. Daher gibt es zunehmend Bem\u00fchungen, die DUP zu verk\u00fcrzen und Betroffene fr\u00fchzeitig einer ad\u00e4quaten Therapie zuzuf\u00fchren. Um fr\u00fche Hindernisse bei der Hilfesuche abzubauen, m\u00fcssen diese zun\u00e4chst identifiziert werden. Daher wird eine \u00dcbersicht initialer Hilfesuchkontakte und \u00fcber Pr\u00e4diktoren von Behandlungsverz\u00f6gerungen bei psychotischen Erstmanifestationen gegeben. Die DUP weist <!--more-->\u00fcber alle 25 identifizierten Studien eine ung\u00fcnstige L\u00e4nge von gut einem Jahr auf, wobei es im Vorfeld im Mittel zu drei Kontakten vor der Behandlungsaufnahme kam. Da Hindernisse in den Versorgungswegen auf allen relevanten Ebenen (Patient, Umwelt und Versorgungssystem) identifiziert wurden, liegen Optimierungsm\u00f6glichkeiten in der Vernetzung der Anlaufstellen und kontinuierlicher Aufkl\u00e4rungsarbeit der Bev\u00f6lkerung und medizinisch-psychologischer Fachkr\u00e4ften.<\/p><\/blockquote>\n<p><a href=\"https:\/\/www.thieme-connect.de\/DOI\/DOI?10.1055\/s-0031-1273428\">Thieme eJournals &#8211; Abstract<\/a><\/p>\n","protected":false},"excerpt":{"rendered":"<p>N. Schaffner, B. G. Schimmelmann, A. Niedersteberg, F. Schultze-Lutter Eine l\u00e4ngere Dauer der unbehandelten Psychose (DUP) und der unbehandelten Erkrankung (DUI) ist mit einem negativen Krankheitsverlauf von Psychosen assoziiert. Daher gibt es zunehmend Bem\u00fchungen, die DUP zu verk\u00fcrzen und Betroffene &hellip; <a href=\"https:\/\/www.psychologie-aktuell.info\/reha\/2011\/10\/versorgungswege-von-erstmanifesten-psychotischen-patienten-eine-ubersicht-internationaler-studien\/\">Weiterlesen <span class=\"meta-nav\">&rarr;<\/span><\/a><\/p>\n","protected":false},"author":1,"featured_media":0,"comment_status":"closed","ping_status":"closed","sticky":false,"template":"","format":"standard","meta":{"_jetpack_memberships_contains_paid_content":false,"footnotes":""},"categories":[21],"tags":[183,727,188],"class_list":["post-4190","post","type-post","status-publish","format-standard","hentry","category-zeitschriftenartikel","tag-krankheitsverlauf","tag-psychose","tag-versorgung"],"jetpack_featured_media_url":"","jetpack_shortlink":"https:\/\/wp.me\/p1fMVY-15A","jetpack_sharing_enabled":true,"_links":{"self":[{"href":"https:\/\/www.psychologie-aktuell.info\/reha\/wp-json\/wp\/v2\/posts\/4190","targetHints":{"allow":["GET"]}}],"collection":[{"href":"https:\/\/www.psychologie-aktuell.info\/reha\/wp-json\/wp\/v2\/posts"}],"about":[{"href":"https:\/\/www.psychologie-aktuell.info\/reha\/wp-json\/wp\/v2\/types\/post"}],"author":[{"embeddable":true,"href":"https:\/\/www.psychologie-aktuell.info\/reha\/wp-json\/wp\/v2\/users\/1"}],"replies":[{"embeddable":true,"href":"https:\/\/www.psychologie-aktuell.info\/reha\/wp-json\/wp\/v2\/comments?post=4190"}],"version-history":[{"count":1,"href":"https:\/\/www.psychologie-aktuell.info\/reha\/wp-json\/wp\/v2\/posts\/4190\/revisions"}],"predecessor-version":[{"id":4355,"href":"https:\/\/www.psychologie-aktuell.info\/reha\/wp-json\/wp\/v2\/posts\/4190\/revisions\/4355"}],"wp:attachment":[{"href":"https:\/\/www.psychologie-aktuell.info\/reha\/wp-json\/wp\/v2\/media?parent=4190"}],"wp:term":[{"taxonomy":"category","embeddable":true,"href":"https:\/\/www.psychologie-aktuell.info\/reha\/wp-json\/wp\/v2\/categories?post=4190"},{"taxonomy":"post_tag","embeddable":true,"href":"https:\/\/www.psychologie-aktuell.info\/reha\/wp-json\/wp\/v2\/tags?post=4190"}],"curies":[{"name":"wp","href":"https:\/\/api.w.org\/{rel}","templated":true}]}}