{"id":4204,"date":"2011-09-05T08:02:32","date_gmt":"2011-09-05T06:02:32","guid":{"rendered":"http:\/\/www.psychologie-aktuell.info\/reha\/?p=4204"},"modified":"2011-08-30T21:20:05","modified_gmt":"2011-08-30T19:20:05","slug":"psychotherapie-auf-palliativstationen-empirische-bestandsaufnahme","status":"publish","type":"post","link":"https:\/\/www.psychologie-aktuell.info\/reha\/2011\/09\/psychotherapie-auf-palliativstationen-empirische-bestandsaufnahme\/","title":{"rendered":"Psychotherapie auf Palliativstationen &#8211; Empirische Bestandsaufnahme"},"content":{"rendered":"<blockquote><p><strong>Ralf T. Vogel<\/strong><br \/>\nBeispielhaft f\u00fcr eine psychotherapeutische T\u00e4tigkeit von \u201eim Umfeld des Todesthemas\u201c befasst sich der Beitrag mit der aktuellen Situation von Psychotherapeuten auf deutschen Palliativstationen. Dazu wurde eine Fragebogenstudie durchgef\u00fchrt, deren wichtigste Ergebnisse dargestellt werden. Es zeigt sich eine hohe Pr\u00e4senz von Psychotherapeuten in diesen Einrichtungen. Sie sind gut ausgebildet in unterschiedlichen Therapieverfahren, zahlenm\u00e4\u00dfig angef\u00fchrt von Verhaltenstherapie und Gespr\u00e4chstherapie und verf\u00fcgen mehrheitlich \u00fcber Zusatzqualifikationen<!--more--> v. a. in Psychoonkologie und Schmerztherapie. \u00dcberraschenderweise sind die Themen Tod und Spiritualit\u00e4t in den therapeutischen Gespr\u00e4chen nicht so h\u00e4ufig pr\u00e4sent, wie anzunehmen w\u00e4re. Dies und die eher negative Einsch\u00e4tzung der Vorbereitung auf das T\u00e4tigkeitsfeld durch Therapieausbildung und Selbsterfahrung machen Erg\u00e4nzungen und Erweiterungen der Aus- und Weiterbildungen auf dem Feld der existenziellen Themen notwendig. Trotz des schwierigen Arbeitsfelds ist die generelle Arbeitszufriedenheit der Psychotherapeuten allerdings hoch bis sehr hoch.<\/p><\/blockquote>\n<p><a href=\"http:\/\/www.springerlink.com\/content\/45g55m3266vmg307\/\">SpringerLink &#8211; Psychotherapeut, Online First\u2122<\/a><\/p>\n","protected":false},"excerpt":{"rendered":"<p>Ralf T. Vogel Beispielhaft f\u00fcr eine psychotherapeutische T\u00e4tigkeit von \u201eim Umfeld des Todesthemas\u201c befasst sich der Beitrag mit der aktuellen Situation von Psychotherapeuten auf deutschen Palliativstationen. Dazu wurde eine Fragebogenstudie durchgef\u00fchrt, deren wichtigste Ergebnisse dargestellt werden. Es zeigt sich eine &hellip; <a href=\"https:\/\/www.psychologie-aktuell.info\/reha\/2011\/09\/psychotherapie-auf-palliativstationen-empirische-bestandsaufnahme\/\">Weiterlesen <span class=\"meta-nav\">&rarr;<\/span><\/a><\/p>\n","protected":false},"author":1,"featured_media":0,"comment_status":"closed","ping_status":"closed","sticky":false,"template":"","format":"standard","meta":{"_jetpack_memberships_contains_paid_content":false,"footnotes":""},"categories":[21],"tags":[186,793,167,129,789,113,218],"class_list":["post-4204","post","type-post","status-publish","format-standard","hentry","category-zeitschriftenartikel","tag-onkologie","tag-palliativstation","tag-psychoonkologie","tag-psychotherapie","tag-spiritualitat","tag-tod","tag-verhaltenstherapie"],"jetpack_featured_media_url":"","jetpack_shortlink":"https:\/\/wp.me\/p1fMVY-15O","jetpack_sharing_enabled":true,"_links":{"self":[{"href":"https:\/\/www.psychologie-aktuell.info\/reha\/wp-json\/wp\/v2\/posts\/4204","targetHints":{"allow":["GET"]}}],"collection":[{"href":"https:\/\/www.psychologie-aktuell.info\/reha\/wp-json\/wp\/v2\/posts"}],"about":[{"href":"https:\/\/www.psychologie-aktuell.info\/reha\/wp-json\/wp\/v2\/types\/post"}],"author":[{"embeddable":true,"href":"https:\/\/www.psychologie-aktuell.info\/reha\/wp-json\/wp\/v2\/users\/1"}],"replies":[{"embeddable":true,"href":"https:\/\/www.psychologie-aktuell.info\/reha\/wp-json\/wp\/v2\/comments?post=4204"}],"version-history":[{"count":1,"href":"https:\/\/www.psychologie-aktuell.info\/reha\/wp-json\/wp\/v2\/posts\/4204\/revisions"}],"predecessor-version":[{"id":4214,"href":"https:\/\/www.psychologie-aktuell.info\/reha\/wp-json\/wp\/v2\/posts\/4204\/revisions\/4214"}],"wp:attachment":[{"href":"https:\/\/www.psychologie-aktuell.info\/reha\/wp-json\/wp\/v2\/media?parent=4204"}],"wp:term":[{"taxonomy":"category","embeddable":true,"href":"https:\/\/www.psychologie-aktuell.info\/reha\/wp-json\/wp\/v2\/categories?post=4204"},{"taxonomy":"post_tag","embeddable":true,"href":"https:\/\/www.psychologie-aktuell.info\/reha\/wp-json\/wp\/v2\/tags?post=4204"}],"curies":[{"name":"wp","href":"https:\/\/api.w.org\/{rel}","templated":true}]}}