{"id":4226,"date":"2011-10-01T07:43:18","date_gmt":"2011-10-01T05:43:18","guid":{"rendered":"http:\/\/www.psychologie-aktuell.info\/reha\/?p=4226"},"modified":"2011-10-02T09:54:53","modified_gmt":"2011-10-02T07:54:53","slug":"europa-leidet-an-angstzustanden","status":"publish","type":"post","link":"https:\/\/www.psychologie-aktuell.info\/reha\/2011\/10\/europa-leidet-an-angstzustanden\/","title":{"rendered":"Europa leidet an Angstzust\u00e4nden"},"content":{"rendered":"<blockquote><p>Eine neue Studie zeigt: Psychische Krankheiten sind Europas Gesundheitsproblem Nummer eins. Forscher fordern mehr Aufkl\u00e4rung und eine bessere Versorgung.<\/p>\n<p>In Europa sind seelische Leiden zur gr\u00f6\u00dften gesundheitspolitischen Herausforderung geworden. Das geht aus einer Studie hervor, die auf dem Neuropharmakologie-Kongress in Paris vorgestellt wurde. Danach leiden 38,2 Prozent der Europ\u00e4er jedes Jahr unter einer klinisch bedeutsamen psychischen St\u00f6rung.<br \/>\n&#8230;<\/p><\/blockquote>\n<p><a href=\"http:\/\/www.zeit.de\/wissen\/gesundheit\/2011-09\/psychisch-krank-europa\">Gesundheitswesen: Europa leidet an Angstzust\u00e4nden | Wissen | ZEIT ONLINE<\/a><\/p>\n","protected":false},"excerpt":{"rendered":"<p>Eine neue Studie zeigt: Psychische Krankheiten sind Europas Gesundheitsproblem Nummer eins. Forscher fordern mehr Aufkl\u00e4rung und eine bessere Versorgung. In Europa sind seelische Leiden zur gr\u00f6\u00dften gesundheitspolitischen Herausforderung geworden. Das geht aus einer Studie hervor, die auf dem Neuropharmakologie-Kongress in &hellip; <a href=\"https:\/\/www.psychologie-aktuell.info\/reha\/2011\/10\/europa-leidet-an-angstzustanden\/\">Weiterlesen <span class=\"meta-nav\">&rarr;<\/span><\/a><\/p>\n","protected":false},"author":1,"featured_media":0,"comment_status":"closed","ping_status":"closed","sticky":false,"template":"","format":"standard","meta":{"_jetpack_memberships_contains_paid_content":false,"footnotes":""},"categories":[801],"tags":[],"class_list":["post-4226","post","type-post","status-publish","format-standard","hentry","category-links-zu-online-news"],"jetpack_featured_media_url":"","jetpack_shortlink":"https:\/\/wp.me\/p1fMVY-16a","jetpack_sharing_enabled":true,"_links":{"self":[{"href":"https:\/\/www.psychologie-aktuell.info\/reha\/wp-json\/wp\/v2\/posts\/4226","targetHints":{"allow":["GET"]}}],"collection":[{"href":"https:\/\/www.psychologie-aktuell.info\/reha\/wp-json\/wp\/v2\/posts"}],"about":[{"href":"https:\/\/www.psychologie-aktuell.info\/reha\/wp-json\/wp\/v2\/types\/post"}],"author":[{"embeddable":true,"href":"https:\/\/www.psychologie-aktuell.info\/reha\/wp-json\/wp\/v2\/users\/1"}],"replies":[{"embeddable":true,"href":"https:\/\/www.psychologie-aktuell.info\/reha\/wp-json\/wp\/v2\/comments?post=4226"}],"version-history":[{"count":3,"href":"https:\/\/www.psychologie-aktuell.info\/reha\/wp-json\/wp\/v2\/posts\/4226\/revisions"}],"predecessor-version":[{"id":4340,"href":"https:\/\/www.psychologie-aktuell.info\/reha\/wp-json\/wp\/v2\/posts\/4226\/revisions\/4340"}],"wp:attachment":[{"href":"https:\/\/www.psychologie-aktuell.info\/reha\/wp-json\/wp\/v2\/media?parent=4226"}],"wp:term":[{"taxonomy":"category","embeddable":true,"href":"https:\/\/www.psychologie-aktuell.info\/reha\/wp-json\/wp\/v2\/categories?post=4226"},{"taxonomy":"post_tag","embeddable":true,"href":"https:\/\/www.psychologie-aktuell.info\/reha\/wp-json\/wp\/v2\/tags?post=4226"}],"curies":[{"name":"wp","href":"https:\/\/api.w.org\/{rel}","templated":true}]}}