{"id":4384,"date":"2011-10-28T06:57:07","date_gmt":"2011-10-28T04:57:07","guid":{"rendered":"http:\/\/www.psychologie-aktuell.info\/reha\/?p=4384"},"modified":"2011-10-25T20:42:47","modified_gmt":"2011-10-25T18:42:47","slug":"neuropsychologie-und-neuronale-grundlagen-der-adhs","status":"publish","type":"post","link":"https:\/\/www.psychologie-aktuell.info\/reha\/2011\/10\/neuropsychologie-und-neuronale-grundlagen-der-adhs\/","title":{"rendered":"Neuropsychologie und neuronale Grundlagen der ADHS"},"content":{"rendered":"<blockquote><p><strong>Katrin \u00a0Sakreida<\/strong><br \/>\nAuch wenn die Aufmerksamkeitsdefizit- \/ Hyperaktivit\u00e4tsst\u00f6rung (ADHS) nunmehr als eine \u00fcberwiegend kognitive St\u00f6rung beschrieben wird, konnte bislang keine Verbindung zu einer spezifischen neurologischen Sch\u00e4digung im Gehirn aufgezeigt werden. Die Diskussion hinsichtlich der neuronalen Grundlagen zielt neben den im Vordergrund stehenden St\u00f6rungen der Verarbeitungsverbindungen des pr\u00e4frontalen Kortex auch auf Normabweichungen innerhalb des pr\u00e4motorischen Kortex sowie subkortikale Auff\u00e4lligkeiten. Die neuropsychologischen Auff\u00e4lligkeiten der ADHS lassen sich zusammenfassend durch Defizite in kognitiven Kontrollprozessen charakterisieren, die <!--more-->Aufmerksamkeit und die h\u00f6heren kognitiven Funktionen, die sogenannten Exekutivfunktionen, vermitteln. Vor dem Hintergrund der vordergr\u00fcndig beeintr\u00e4chtigten F\u00e4higkeit zur Aufrechterhaltung der Daueraufmerksamkeit (Vigilanz) konnte in einer eigenen experimentellen Untersuchung neben einer spezifischen Beteiligung der pr\u00e4motorischen Aufmerksamkeitsfunktionen an den Fehlfunktionen der adulten ADHS ein Ausgleich einer pr\u00e4frontal gelagerten und als gest\u00f6rt betrachteten exekutiven Funktion gezeigt werden. Wenngleich das neuropsychologische Erscheinungsbild der ADHS in seiner Komplexit\u00e4t zum Ausdruck gebracht wird, kann eine empfohlene Vorgehensweise zur Abkl\u00e4rung der klinischen Diagnose ADHS im Erwachsenenalter zusammengefasst werden.<\/p><\/blockquote>\n<p><a href=\"https:\/\/www.thieme-connect.de\/DOI\/DOI?10.1055\/s-0031-1276884\">Thieme eJournals &#8211; Abstract<\/a><\/p>\n","protected":false},"excerpt":{"rendered":"<p>Katrin \u00a0Sakreida Auch wenn die Aufmerksamkeitsdefizit- \/ Hyperaktivit\u00e4tsst\u00f6rung (ADHS) nunmehr als eine \u00fcberwiegend kognitive St\u00f6rung beschrieben wird, konnte bislang keine Verbindung zu einer spezifischen neurologischen Sch\u00e4digung im Gehirn aufgezeigt werden. Die Diskussion hinsichtlich der neuronalen Grundlagen zielt neben den im &hellip; <a href=\"https:\/\/www.psychologie-aktuell.info\/reha\/2011\/10\/neuropsychologie-und-neuronale-grundlagen-der-adhs\/\">Weiterlesen <span class=\"meta-nav\">&rarr;<\/span><\/a><\/p>\n","protected":false},"author":1,"featured_media":0,"comment_status":"closed","ping_status":"closed","sticky":false,"template":"","format":"standard","meta":{"_jetpack_memberships_contains_paid_content":false,"footnotes":""},"categories":[21],"tags":[],"class_list":["post-4384","post","type-post","status-publish","format-standard","hentry","category-zeitschriftenartikel"],"jetpack_featured_media_url":"","jetpack_shortlink":"https:\/\/wp.me\/p1fMVY-18I","jetpack_sharing_enabled":true,"_links":{"self":[{"href":"https:\/\/www.psychologie-aktuell.info\/reha\/wp-json\/wp\/v2\/posts\/4384","targetHints":{"allow":["GET"]}}],"collection":[{"href":"https:\/\/www.psychologie-aktuell.info\/reha\/wp-json\/wp\/v2\/posts"}],"about":[{"href":"https:\/\/www.psychologie-aktuell.info\/reha\/wp-json\/wp\/v2\/types\/post"}],"author":[{"embeddable":true,"href":"https:\/\/www.psychologie-aktuell.info\/reha\/wp-json\/wp\/v2\/users\/1"}],"replies":[{"embeddable":true,"href":"https:\/\/www.psychologie-aktuell.info\/reha\/wp-json\/wp\/v2\/comments?post=4384"}],"version-history":[{"count":1,"href":"https:\/\/www.psychologie-aktuell.info\/reha\/wp-json\/wp\/v2\/posts\/4384\/revisions"}],"predecessor-version":[{"id":4443,"href":"https:\/\/www.psychologie-aktuell.info\/reha\/wp-json\/wp\/v2\/posts\/4384\/revisions\/4443"}],"wp:attachment":[{"href":"https:\/\/www.psychologie-aktuell.info\/reha\/wp-json\/wp\/v2\/media?parent=4384"}],"wp:term":[{"taxonomy":"category","embeddable":true,"href":"https:\/\/www.psychologie-aktuell.info\/reha\/wp-json\/wp\/v2\/categories?post=4384"},{"taxonomy":"post_tag","embeddable":true,"href":"https:\/\/www.psychologie-aktuell.info\/reha\/wp-json\/wp\/v2\/tags?post=4384"}],"curies":[{"name":"wp","href":"https:\/\/api.w.org\/{rel}","templated":true}]}}