{"id":4507,"date":"2011-12-04T08:09:00","date_gmt":"2011-12-04T06:09:00","guid":{"rendered":"http:\/\/www.psychologie-aktuell.info\/reha\/?p=4507"},"modified":"2011-11-25T18:43:11","modified_gmt":"2011-11-25T16:43:11","slug":"die-teilnehmerstruktur-medizinischer-rehabilitationsmasnahmen-in-deutschland","status":"publish","type":"post","link":"https:\/\/www.psychologie-aktuell.info\/reha\/2011\/12\/die-teilnehmerstruktur-medizinischer-rehabilitationsmasnahmen-in-deutschland\/","title":{"rendered":"Die Teilnehmerstruktur medizinischer Rehabilitationsma\u00dfnahmen in Deutschland"},"content":{"rendered":"<blockquote><p><b>M. Schubert, J. Behrens, C. Becker, M. Zimmermann<\/b><br \/>Aufgrund der verschiedenen Leistungstr\u00e4ger re\u00c2\u00adhabilitativer Ma\u00dfnahmen und des Fehlens einer gemeinsamen Datenbasis ist bislang kaum bekannt, wie viele und welche Personen insgesamt eine medizinische Rehabilitation in Anspruch nehmen. An diesem Dilemma ansetzend wird in diesem Beitrag mithilfe des bev\u00f6lkerungsrepr\u00e4sentativen und nicht tr\u00e4gerorientierten Sozio-\u00f6konomischen Panels (SOEP) die Personengruppe der Rehabilitanden des Jahres 2004 anhand von Gesundheitsvariablen (subjektive Gesundheit, Schwerbehinderung, Arbeitsunf\u00e4higkeitszeiten, Inanspruchnahme des Gesundheitswesens) und soziodemografischen Merkmalen (Geschlecht, Alter, sozialer Status, Region) n\u00e4her beschrieben und <!--more-->er Einfluss dieser Variablen auf die Chance, an einer Rehabilitation teilzunehmen, betrachtet. 2004 nahmen 4 % der Befragungspersonen an einer Rehabilitationsma\u00dfnahme teil, wobei Frauen eine geringere Teilnahmechance als M\u00e4nner hatten. Ein bivariat deutlicher Altersgradient egalisiert sich bei multifaktorieller Betrachtung. Als st\u00e4rkste Pr\u00e4diktoren k\u00f6nnen demgegen\u00fcber der subjektive Gesundheitszustand, der Umfang der Arztinanspruchnahme sowie Krankenhausaufenthalte gelten. Ein Einfluss der sozialen Schicht findet sich entgegen den Erwartungen nicht. Die Analyse weist zudem eine h\u00f6here Inanspruchnahme rehabilitativer Leistungen in Ostdeutschland aus. <\/p><\/blockquote>\n<p><a href=\"https:\/\/www.thieme-connect.de\/DOI\/DOI?10.1055\/s-0031-1275361\">Thieme eJournals &#8211; Abstract<\/a><\/p>\n","protected":false},"excerpt":{"rendered":"<p>M. Schubert, J. Behrens, C. Becker, M. ZimmermannAufgrund der verschiedenen Leistungstr\u00e4ger re\u00c2\u00adhabilitativer Ma\u00dfnahmen und des Fehlens einer gemeinsamen Datenbasis ist bislang kaum bekannt, wie viele und welche Personen insgesamt eine medizinische Rehabilitation in Anspruch nehmen. An diesem Dilemma ansetzend wird &hellip; <a href=\"https:\/\/www.psychologie-aktuell.info\/reha\/2011\/12\/die-teilnehmerstruktur-medizinischer-rehabilitationsmasnahmen-in-deutschland\/\">Weiterlesen <span class=\"meta-nav\">&rarr;<\/span><\/a><\/p>\n","protected":false},"author":1,"featured_media":0,"comment_status":"closed","ping_status":"closed","sticky":false,"template":"","format":"standard","meta":{"_jetpack_memberships_contains_paid_content":false,"footnotes":""},"categories":[21],"tags":[],"class_list":["post-4507","post","type-post","status-publish","format-standard","hentry","category-zeitschriftenartikel"],"jetpack_featured_media_url":"","jetpack_shortlink":"https:\/\/wp.me\/p1fMVY-1aH","jetpack_sharing_enabled":true,"_links":{"self":[{"href":"https:\/\/www.psychologie-aktuell.info\/reha\/wp-json\/wp\/v2\/posts\/4507","targetHints":{"allow":["GET"]}}],"collection":[{"href":"https:\/\/www.psychologie-aktuell.info\/reha\/wp-json\/wp\/v2\/posts"}],"about":[{"href":"https:\/\/www.psychologie-aktuell.info\/reha\/wp-json\/wp\/v2\/types\/post"}],"author":[{"embeddable":true,"href":"https:\/\/www.psychologie-aktuell.info\/reha\/wp-json\/wp\/v2\/users\/1"}],"replies":[{"embeddable":true,"href":"https:\/\/www.psychologie-aktuell.info\/reha\/wp-json\/wp\/v2\/comments?post=4507"}],"version-history":[{"count":1,"href":"https:\/\/www.psychologie-aktuell.info\/reha\/wp-json\/wp\/v2\/posts\/4507\/revisions"}],"predecessor-version":[{"id":4558,"href":"https:\/\/www.psychologie-aktuell.info\/reha\/wp-json\/wp\/v2\/posts\/4507\/revisions\/4558"}],"wp:attachment":[{"href":"https:\/\/www.psychologie-aktuell.info\/reha\/wp-json\/wp\/v2\/media?parent=4507"}],"wp:term":[{"taxonomy":"category","embeddable":true,"href":"https:\/\/www.psychologie-aktuell.info\/reha\/wp-json\/wp\/v2\/categories?post=4507"},{"taxonomy":"post_tag","embeddable":true,"href":"https:\/\/www.psychologie-aktuell.info\/reha\/wp-json\/wp\/v2\/tags?post=4507"}],"curies":[{"name":"wp","href":"https:\/\/api.w.org\/{rel}","templated":true}]}}