{"id":4561,"date":"2011-12-07T08:46:26","date_gmt":"2011-12-07T06:46:26","guid":{"rendered":"http:\/\/www.psychologie-aktuell.info\/reha\/?p=4561"},"modified":"2011-12-07T09:12:21","modified_gmt":"2011-12-07T07:12:21","slug":"kurzschlafer-gen-legt-schlafdauer-fest","status":"publish","type":"post","link":"https:\/\/www.psychologie-aktuell.info\/reha\/2011\/12\/kurzschlafer-gen-legt-schlafdauer-fest\/","title":{"rendered":"Kurzschl\u00e4fer: Gen legt Schlafdauer fest"},"content":{"rendered":"<blockquote><p>Schlafm\u00fctze oder Kurzschl\u00e4fer? Wie viel Schlaf wir brauchen, h\u00e4ngt nicht nur von Alter, Geschlecht und Chronotyp ab. Auch die Gene spielen offenbar eine Rolle. Ein internationales Forscherteam unter Leitung der Ludwig-Maximilians-Universit\u00e4t M\u00fcnchen hat den ersten genetischen Faktor identifiziert, der die Schlafdauer beeinflusst und zugleich weit in der Bev\u00f6lkerung verbreitet ist.<\/p><\/blockquote>\n<p><a href=\"http:\/\/www.netdoktor.de\/News\/Kurzschlaefer-Gen-legt-Schl-1136071.html\">Kurzschl\u00e4fer: Gen legt Schlafdauer fest | NetDoktor.de<\/a><\/p>\n","protected":false},"excerpt":{"rendered":"<p>Schlafm\u00fctze oder Kurzschl\u00e4fer? Wie viel Schlaf wir brauchen, h\u00e4ngt nicht nur von Alter, Geschlecht und Chronotyp ab. Auch die Gene spielen offenbar eine Rolle. Ein internationales Forscherteam unter Leitung der Ludwig-Maximilians-Universit\u00e4t M\u00fcnchen hat den ersten genetischen Faktor identifiziert, der die &hellip; <a href=\"https:\/\/www.psychologie-aktuell.info\/reha\/2011\/12\/kurzschlafer-gen-legt-schlafdauer-fest\/\">Weiterlesen <span class=\"meta-nav\">&rarr;<\/span><\/a><\/p>\n","protected":false},"author":1,"featured_media":0,"comment_status":"closed","ping_status":"closed","sticky":false,"template":"","format":"standard","meta":{"_jetpack_memberships_contains_paid_content":false,"footnotes":""},"categories":[801],"tags":[],"class_list":["post-4561","post","type-post","status-publish","format-standard","hentry","category-links-zu-online-news"],"jetpack_featured_media_url":"","jetpack_shortlink":"https:\/\/wp.me\/p1fMVY-1bz","jetpack_sharing_enabled":true,"_links":{"self":[{"href":"https:\/\/www.psychologie-aktuell.info\/reha\/wp-json\/wp\/v2\/posts\/4561","targetHints":{"allow":["GET"]}}],"collection":[{"href":"https:\/\/www.psychologie-aktuell.info\/reha\/wp-json\/wp\/v2\/posts"}],"about":[{"href":"https:\/\/www.psychologie-aktuell.info\/reha\/wp-json\/wp\/v2\/types\/post"}],"author":[{"embeddable":true,"href":"https:\/\/www.psychologie-aktuell.info\/reha\/wp-json\/wp\/v2\/users\/1"}],"replies":[{"embeddable":true,"href":"https:\/\/www.psychologie-aktuell.info\/reha\/wp-json\/wp\/v2\/comments?post=4561"}],"version-history":[{"count":1,"href":"https:\/\/www.psychologie-aktuell.info\/reha\/wp-json\/wp\/v2\/posts\/4561\/revisions"}],"predecessor-version":[{"id":4603,"href":"https:\/\/www.psychologie-aktuell.info\/reha\/wp-json\/wp\/v2\/posts\/4561\/revisions\/4603"}],"wp:attachment":[{"href":"https:\/\/www.psychologie-aktuell.info\/reha\/wp-json\/wp\/v2\/media?parent=4561"}],"wp:term":[{"taxonomy":"category","embeddable":true,"href":"https:\/\/www.psychologie-aktuell.info\/reha\/wp-json\/wp\/v2\/categories?post=4561"},{"taxonomy":"post_tag","embeddable":true,"href":"https:\/\/www.psychologie-aktuell.info\/reha\/wp-json\/wp\/v2\/tags?post=4561"}],"curies":[{"name":"wp","href":"https:\/\/api.w.org\/{rel}","templated":true}]}}